{"id":38758,"date":"2018-03-05T15:18:40","date_gmt":"2018-03-05T18:18:40","guid":{"rendered":"http:\/\/catolicanet.net\/wp-cnet\/?p=38758"},"modified":"2018-03-05T15:18:40","modified_gmt":"2018-03-05T18:18:40","slug":"sul-1-realiza-primeiro-encontro-dos-organismos-e-pastorais","status":"publish","type":"post","link":"https:\/\/catolicanet.net\/wp-cnet\/sul-1-realiza-primeiro-encontro-dos-organismos-e-pastorais\/","title":{"rendered":"Sul 1 realiza primeiro encontro dos Organismos e Pastorais"},"content":{"rendered":"<p>&nbsp;<\/p>\n<p>\u201cA Pastoral que n\u00e3o entra na vida para dar sentido a exist\u00eancia humana n\u00e3o evangeliza, ela \u00e9 apenas uma prestadora de servi\u00e7o. A evangeliza\u00e7\u00e3o tem que anunciar Jesus Cristo e neste\u00a0an\u00fancio fazer com que nosso interlocutor encontre na Mensagem Crist\u00e3 um projeto de vida, um sentido da sua pr\u00f3pria exist\u00eancia\u201d. A afirma\u00e7\u00e3o \u00e9 do padre Jord\u00e9lio Siles Ledo, em palestra ministrada no primeiro encontro deste ano dos Organismos e Pastorais do Regional Sul 1 da Confer\u00eancia Nacional dos Bispos do Brasil (CNBB), realizada na \u00faltima quinta-feira, 01 de mar\u00e7o, em S\u00e3o Paulo. A programa\u00e7\u00e3o do encontro come\u00e7ou com Celebra\u00e7\u00e3o Eucar\u00edstica, seguida da assessoria, cujo tema central foi \u201cPastoral de Conjunto\u201d.<\/p>\n<p>Confira a <a href=\"http:\/\/www.cnbbsul1.org.br\/a-pastoral-que-nao-entra-na-vida-para-dar-sentido-a-existencia-humana-nao-evangeliza-diz-conferencista\/\">not\u00edcia na \u00edntegra<\/a>.<\/p>\n<p>&nbsp;<\/p>\n<p>Fonte: CNBB<\/p>\n","protected":false},"excerpt":{"rendered":"<p>&nbsp; \u201cA Pastoral que n\u00e3o entra na vida para dar sentido a exist\u00eancia humana n\u00e3o evangeliza, ela \u00e9 apenas uma prestadora de servi\u00e7o. A evangeliza\u00e7\u00e3o tem que anunciar Jesus Cristo e neste\u00a0an\u00fancio fazer com que nosso interlocutor encontre na Mensagem Crist\u00e3 um projeto de vida, um sentido da sua pr\u00f3pria exist\u00eancia\u201d. A afirma\u00e7\u00e3o \u00e9 do [&hellip;]<\/p>\n","protected":false},"author":1,"featured_media":38759,"comment_status":"open","ping_status":"closed","sticky":false,"template":"","format":"standard","meta":{"footnotes":""},"categories":[7],"tags":[],"class_list":["post-38758","post","type-post","status-publish","format-standard","has-post-thumbnail","hentry","category-cnbb"],"_links":{"self":[{"href":"https:\/\/catolicanet.net\/wp-cnet\/wp-json\/wp\/v2\/posts\/38758","targetHints":{"allow":["GET"]}}],"collection":[{"href":"https:\/\/catolicanet.net\/wp-cnet\/wp-json\/wp\/v2\/posts"}],"about":[{"href":"https:\/\/catolicanet.net\/wp-cnet\/wp-json\/wp\/v2\/types\/post"}],"author":[{"embeddable":true,"href":"https:\/\/catolicanet.net\/wp-cnet\/wp-json\/wp\/v2\/users\/1"}],"replies":[{"embeddable":true,"href":"https:\/\/catolicanet.net\/wp-cnet\/wp-json\/wp\/v2\/comments?post=38758"}],"version-history":[{"count":1,"href":"https:\/\/catolicanet.net\/wp-cnet\/wp-json\/wp\/v2\/posts\/38758\/revisions"}],"predecessor-version":[{"id":38760,"href":"https:\/\/catolicanet.net\/wp-cnet\/wp-json\/wp\/v2\/posts\/38758\/revisions\/38760"}],"wp:featuredmedia":[{"embeddable":true,"href":"https:\/\/catolicanet.net\/wp-cnet\/wp-json\/wp\/v2\/media\/38759"}],"wp:attachment":[{"href":"https:\/\/catolicanet.net\/wp-cnet\/wp-json\/wp\/v2\/media?parent=38758"}],"wp:term":[{"taxonomy":"category","embeddable":true,"href":"https:\/\/catolicanet.net\/wp-cnet\/wp-json\/wp\/v2\/categories?post=38758"},{"taxonomy":"post_tag","embeddable":true,"href":"https:\/\/catolicanet.net\/wp-cnet\/wp-json\/wp\/v2\/tags?post=38758"}],"curies":[{"name":"wp","href":"https:\/\/api.w.org\/{rel}","templated":true}]}}