{"id":3875,"date":"2014-01-09T11:58:29","date_gmt":"2014-01-09T13:58:29","guid":{"rendered":"http:\/\/catolicanet.net\/wp-cnet\/sul-do-sudao-acnur-pede-seguranca-para-poder-ajudar-so-deslocados\/"},"modified":"2017-03-24T15:53:38","modified_gmt":"2017-03-24T18:53:38","slug":"sul-do-sudao-acnur-pede-seguranca-para-poder-ajudar-so-deslocados","status":"publish","type":"post","link":"https:\/\/catolicanet.net\/wp-cnet\/sul-do-sudao-acnur-pede-seguranca-para-poder-ajudar-so-deslocados\/","title":{"rendered":"Sul do Sud\u00e3o &#8211; ACNUR pede seguran\u00e7a para poder ajudar so deslocados"},"content":{"rendered":"<p style=\"text-align: justify;\"><img decoding=\"async\" src=\"http:\/\/www.catolicanet.com.br\/images\/stories\/suldosudao.jpg\" border=\"0\" align=\"left\" \/>O Alto Comissariado das Na\u00e7\u00f5es Unidas para os Refugiados \u2013 ACNUR \u2013 est\u00e1 extremamente preocupado em rela\u00e7\u00e3o \u00e0s dezenas de milhares de pessoas obrigadas a fugir do conflito no Sul do Sud\u00e3o.<\/p>\n<p>De 15 de Dezembro passado, data de inicio dos recontros mortais entre fac\u00e7\u00f5es do SPLM e do SPLA, at\u00e9 hoje, mais de 180 mil sul-sudaneses j\u00e1 tiveram de abandonar as suas casas, tendo cerca de 10 mil procurado refugio em pa\u00edses lim\u00edtrofes.<\/p>\n<p>Os cont\u00ednuos combates e a inseguran\u00e7a tornam dif\u00edcil, e nalguns casos, mesmo imposs\u00edvel, o acesso \u00e0s pessoas para lhes dar assist\u00eancia \u2013 refere o ACNUR \u2013 segundo o qual o conflito j\u00e1 se alargou a sete dos dez Estados do Sul do Sud\u00e3o, tornando ainda mais dif\u00edcil a ac\u00e7\u00e3o dos assistentes humanit\u00e1rios. Consequentemente o ACNUR teve de redimensionar as suas opera\u00e7\u00f5es nalgumas regi\u00f5es. N\u00e3o obstante tudo, mais de 200 operadores nacionais e internacionais desta organiza\u00e7\u00e3o se encontram ainda activos no pa\u00eds e, juntamente com os parceiros, continuam a avaliar as necessidades humanit\u00e1rias e a dar assist\u00eancia aos deslocados e refugiados presentes no seio do pa\u00eds.<\/p>\n<p>\u201cA entrega ininterrupta de ajudas \u00e9 fundamental\u201d \u2013 disse \u00d3scar Mundia, Director das Opera\u00e7\u00f5es do ACNUR em \u00c1frica. Ele acrescentou que a seguran\u00e7a do pessoal e das pessoas que assistem est\u00e1 naturalmente em primeiro lugar, mas est\u00e3o a procurar a forma de utilizar as suas redes nacionais e de refugiados para encontrar formas alternativas de assist\u00eancia quando isto se revela absolutamente necess\u00e1rio\u201d.<\/p>\n<p>Os esfor\u00e7os do ACNUR v\u00e3o no sentido de fornecer ajudas tamb\u00e9m a cerca de 75 mil pessoas que se encontram refugiadas nas bases da Miss\u00e3o das Na\u00e7\u00f5es Unidas em Juba, Bor, Pibor, Malakal e Bentiu.<\/p>\n<p>Juntamente com \u201c\u00c1frica Humanitarian Action\u201d o ACNUR j\u00e1 entregou telas de pl\u00e1stico, colch\u00f5es e outras ajudas a 244 pessoas refugiadas na Igreja cat\u00f3lica de Santa Teresa de Kator, um bairro de Juba, e a cerca de 250 pessoas junto duma esta\u00e7\u00e3o nessa mesma cidade capital do pa\u00eds.<\/p>\n<p>No conjunto a situa\u00e7\u00e3o do Sul do Sud\u00e3o, que se tornou independente h\u00e1 pouco mais de um ano, permanece cr\u00edtica. O ACNUR pede maior seguran\u00e7a e protec\u00e7\u00e3o para os refugiados e deslocados e para o pessoal humanit\u00e1rio.<\/p>\n<p style=\"text-align: justify;\"><strong><br \/><\/strong><\/p>\n<p style=\"text-align: justify;\"><strong>Local: Cidade do Vaticano<br \/>Fonte: R\u00e1dio Vaticano<\/strong><\/p>\n","protected":false},"excerpt":{"rendered":"<p>O Alto Comissariado das Na\u00e7\u00f5es Unidas para os Refugiados \u2013 ACNUR \u2013 est\u00e1 extremamente preocupado em rela\u00e7\u00e3o \u00e0s dezenas de milhares de pessoas obrigadas a fugir do conflito no Sul do Sud\u00e3o. De 15 de Dezembro passado, data de inicio dos recontros mortais entre fac\u00e7\u00f5es do SPLM e do SPLA, at\u00e9 hoje, mais de 180 [&hellip;]<\/p>\n","protected":false},"author":1,"featured_media":3874,"comment_status":"closed","ping_status":"closed","sticky":false,"template":"","format":"standard","meta":{"footnotes":""},"categories":[3],"tags":[],"class_list":["post-3875","post","type-post","status-publish","format-standard","has-post-thumbnail","hentry","category-vaticano"],"_links":{"self":[{"href":"https:\/\/catolicanet.net\/wp-cnet\/wp-json\/wp\/v2\/posts\/3875","targetHints":{"allow":["GET"]}}],"collection":[{"href":"https:\/\/catolicanet.net\/wp-cnet\/wp-json\/wp\/v2\/posts"}],"about":[{"href":"https:\/\/catolicanet.net\/wp-cnet\/wp-json\/wp\/v2\/types\/post"}],"author":[{"embeddable":true,"href":"https:\/\/catolicanet.net\/wp-cnet\/wp-json\/wp\/v2\/users\/1"}],"replies":[{"embeddable":true,"href":"https:\/\/catolicanet.net\/wp-cnet\/wp-json\/wp\/v2\/comments?post=3875"}],"version-history":[{"count":1,"href":"https:\/\/catolicanet.net\/wp-cnet\/wp-json\/wp\/v2\/posts\/3875\/revisions"}],"predecessor-version":[{"id":8093,"href":"https:\/\/catolicanet.net\/wp-cnet\/wp-json\/wp\/v2\/posts\/3875\/revisions\/8093"}],"wp:featuredmedia":[{"embeddable":true,"href":"https:\/\/catolicanet.net\/wp-cnet\/wp-json\/wp\/v2\/media\/3874"}],"wp:attachment":[{"href":"https:\/\/catolicanet.net\/wp-cnet\/wp-json\/wp\/v2\/media?parent=3875"}],"wp:term":[{"taxonomy":"category","embeddable":true,"href":"https:\/\/catolicanet.net\/wp-cnet\/wp-json\/wp\/v2\/categories?post=3875"},{"taxonomy":"post_tag","embeddable":true,"href":"https:\/\/catolicanet.net\/wp-cnet\/wp-json\/wp\/v2\/tags?post=3875"}],"curies":[{"name":"wp","href":"https:\/\/api.w.org\/{rel}","templated":true}]}}