{"id":38704,"date":"2018-03-02T16:53:13","date_gmt":"2018-03-02T19:53:13","guid":{"rendered":"http:\/\/catolicanet.net\/wp-cnet\/?p=38704"},"modified":"2018-03-02T16:53:13","modified_gmt":"2018-03-02T19:53:13","slug":"vaticano-homem-do-papa-para-os-media-diz-que-desafio-e-colocar-as-pessoas-no-meio-da-historia","status":"publish","type":"post","link":"https:\/\/catolicanet.net\/wp-cnet\/vaticano-homem-do-papa-para-os-media-diz-que-desafio-e-colocar-as-pessoas-no-meio-da-historia\/","title":{"rendered":"Vaticano: Homem do Papa para os media diz que desafio \u00e9 colocar as pessoas no \u00abmeio\u00bb da hist\u00f3ria"},"content":{"rendered":"<p>Lisboa, 02 mar 2018 (Ecclesia) \u2013 O prefeito da Secretaria para a Comunica\u00e7\u00e3o da Santa S\u00e9, monsenhor Dario Edoardo Vigan\u00f2, disse hoje em Lisboa que o grande desafio para os respons\u00e1veis deste setor, no Vaticano, \u00e9 colocar as pessoas no \u201cmeio\u201d da hist\u00f3ria, para acompanharem o Papa.<\/p>\n<p>\u201cO Papa Francisco \u00e9 um homem de grande tradi\u00e7\u00e3o, mas tem a linguagem emp\u00e1tica, imediata\u201d, n\u00e3o-abstrata, com a capacidade de \u201ccontar hist\u00f3rias\u201d, referiu o respons\u00e1vel, em entrevista \u00e0 Renascen\u00e7a e Ecclesia.<\/p>\n<p>\u201cIsso permite, sobretudo quando [o Papa] conta hist\u00f3rias, que aqueles que escutam tomem o seu lugar na hist\u00f3ria, decida quem s\u00e3o na hist\u00f3ria que \u00e9 contada\u201d, acrescentou.<\/p>\n<p>O homem do Papa para os media do Vaticano veio a Lisboa para apresentar o document\u00e1rio sobre \u201cO menor ex\u00e9rcito do Mundo\u201d, a Guarda Su\u00ed\u00e7a, no FESTin 2018.<\/p>\n<p>A poucos dias do 5.\u00ba anivers\u00e1rio do pontificado (13 de mar\u00e7o), monsenhor Vigan\u00f2 sa\u00fada um percurso que \u201cdeu muita for\u00e7a ao ensinamento tradicional da Igreja, por exemplo no tema da miseric\u00f3rdia\u201d.<\/p>\n<p>\u201cTodos n\u00f3s temos de dar gra\u00e7as a Deus por este pontificado que, na linha dos pont\u00edfices anteriores\u201d, declarou.<\/p>\n<p>A grande reforma do atual pontificado, acrescentou, \u00e9 a do \u201cestilo de ser Igreja\u201d, numa perspetiva de servi\u00e7o, deixando de lado aspetos \u201cparaestatais\u201d.<\/p>\n<p>Para este respons\u00e1vel, Francisco tem um \u201cdom\u201d de grande comunicador e compete \u00e0 Secretaria para a Comunica\u00e7\u00e3o colocar-se ao \u201cservi\u00e7o\u201d deste dom.<\/p>\n<p>Entre as prioridades do trabalho da Santa S\u00e9 nas media est\u00e1 \u201clevar a mensagem do Papa \u00e0 China\u201d e ao mundo \u00e1rabe, apresentando o portal multim\u00e9dia \u2018Vatican News\u2019 nessas l\u00ednguas.<\/p>\n<p>\u201cCom a mudan\u00e7as das \u00e9pocas hist\u00f3ricas, mudam tamb\u00e9m as prioridades mission\u00e1rias\u201d, bem como \u201cos caminhos que a Igreja \u00e9 chamada a percorrer\u201d, precisa monsenhor Vigan\u00f3.<\/p>\n<p>Monsenhor Dario Edoardo Vigan\u00f2 fez uma confer\u00eancia no Cinema S\u00e3o Jorge, a convite da organiza\u00e7\u00e3o do Festival Itinerante de L\u00edngua Portuguesa (FESTin), sobre a \u201creforma da comunica\u00e7\u00e3o\u201d no pontificado do Papa Francisco.<\/p>\n<p>Uma reforma que segue a proposta de \u201cIgreja em sa\u00edda\u201d, do Papa Francisco, e a transforma\u00e7\u00e3o em curso na C\u00faria Romana, que \u201ctem como crit\u00e9rio primeiro o crit\u00e9rio apost\u00f3lico\u201d.<\/p>\n<p>O respons\u00e1vel destacou o trabalho de \u201cconverg\u00eancia digital\u201d, entre os v\u00e1rios media do Vaticano, tendo como preocupa\u00e7\u00e3o, por indica\u00e7\u00e3o do Papa, evitar despedimentos, otimizando aspetos organizativos e econ\u00f3micos.<\/p>\n<p>Document\u00e1rios sobre o que \u00e9 apresentado no FESTin 2018 visam apresentar a \u201criqueza hist\u00f3rica e art\u00edstica\u201d do pequeno Estado, que \u201c\u00e9 preciso contar\u201d, mostrando tamb\u00e9m um lado humano.<\/p>\n<p>\u201cA qualidade de uma institui\u00e7\u00e3o \u00e9 dada pela qualidade dos homens que nela trabalham\u201d, conclui o prefeito da Secretaria para a Comunica\u00e7\u00e3o da Santa S\u00e9.<\/p>\n<p>&nbsp;<\/p>\n<p>Fonte: Agencia Ecclesia<\/p>\n","protected":false},"excerpt":{"rendered":"<p>Lisboa, 02 mar 2018 (Ecclesia) \u2013 O prefeito da Secretaria para a Comunica\u00e7\u00e3o da Santa S\u00e9, monsenhor Dario Edoardo Vigan\u00f2, disse hoje em Lisboa que o grande desafio para os respons\u00e1veis deste setor, no Vaticano, \u00e9 colocar as pessoas no \u201cmeio\u201d da hist\u00f3ria, para acompanharem o Papa. \u201cO Papa Francisco \u00e9 um homem de grande [&hellip;]<\/p>\n","protected":false},"author":1,"featured_media":38705,"comment_status":"open","ping_status":"closed","sticky":false,"template":"","format":"standard","meta":{"footnotes":""},"categories":[4],"tags":[],"class_list":["post-38704","post","type-post","status-publish","format-standard","has-post-thumbnail","hentry","category-cotidiano"],"_links":{"self":[{"href":"https:\/\/catolicanet.net\/wp-cnet\/wp-json\/wp\/v2\/posts\/38704","targetHints":{"allow":["GET"]}}],"collection":[{"href":"https:\/\/catolicanet.net\/wp-cnet\/wp-json\/wp\/v2\/posts"}],"about":[{"href":"https:\/\/catolicanet.net\/wp-cnet\/wp-json\/wp\/v2\/types\/post"}],"author":[{"embeddable":true,"href":"https:\/\/catolicanet.net\/wp-cnet\/wp-json\/wp\/v2\/users\/1"}],"replies":[{"embeddable":true,"href":"https:\/\/catolicanet.net\/wp-cnet\/wp-json\/wp\/v2\/comments?post=38704"}],"version-history":[{"count":1,"href":"https:\/\/catolicanet.net\/wp-cnet\/wp-json\/wp\/v2\/posts\/38704\/revisions"}],"predecessor-version":[{"id":38706,"href":"https:\/\/catolicanet.net\/wp-cnet\/wp-json\/wp\/v2\/posts\/38704\/revisions\/38706"}],"wp:featuredmedia":[{"embeddable":true,"href":"https:\/\/catolicanet.net\/wp-cnet\/wp-json\/wp\/v2\/media\/38705"}],"wp:attachment":[{"href":"https:\/\/catolicanet.net\/wp-cnet\/wp-json\/wp\/v2\/media?parent=38704"}],"wp:term":[{"taxonomy":"category","embeddable":true,"href":"https:\/\/catolicanet.net\/wp-cnet\/wp-json\/wp\/v2\/categories?post=38704"},{"taxonomy":"post_tag","embeddable":true,"href":"https:\/\/catolicanet.net\/wp-cnet\/wp-json\/wp\/v2\/tags?post=38704"}],"curies":[{"name":"wp","href":"https:\/\/api.w.org\/{rel}","templated":true}]}}