{"id":38693,"date":"2018-03-02T15:17:34","date_gmt":"2018-03-02T18:17:34","guid":{"rendered":"http:\/\/catolicanet.net\/wp-cnet\/?p=38693"},"modified":"2018-03-02T15:17:34","modified_gmt":"2018-03-02T18:17:34","slug":"sacerdote-lamenta-que-os-cristaos-ainda-sao-perseguidos-no-iraque","status":"publish","type":"post","link":"https:\/\/catolicanet.net\/wp-cnet\/sacerdote-lamenta-que-os-cristaos-ainda-sao-perseguidos-no-iraque\/","title":{"rendered":"Sacerdote lamenta que os crist\u00e3os ainda s\u00e3o perseguidos no Iraque"},"content":{"rendered":"<p>ROMA, 02 Mar. 18 \/ 02:30 pm (<a href=\"http:\/\/www.acidigital.com\" target=\"_self\">ACI<\/a>).- Um sacerdote iraquiano da Diocese de Mossul afirmou que neste pa\u00eds do Oriente M\u00e9dio a persegui\u00e7\u00e3o aos crist\u00e3os ainda continua e que \u201ch\u00e1 uma falta de direito \u00e0 <a href=\"http:\/\/www.acidigital.com\/vida\/index.html\">vida<\/a>\u201d.<\/p>\n<p>Em uma entrevista concedida a Vatican News, Pe. Behnam Benoka indicou que \u201choje os crist\u00e3os vivem como se estivessem entre le\u00f5es, sobretudo nos lugares mais complicados do mundo, como o Iraque e o Oriente M\u00e9dio, onde ainda s\u00e3o perseguidos\u201d.<\/p>\n<p>Destacou que, especialmente no Iraque, \u201ch\u00e1 uma falta de direito \u00e0 vida\u201d e lamentou que \u201cmuitos n\u00e3o querem ver os crist\u00e3os vivos\u201d e que \u201cv\u00e1rios partidos pol\u00edticos querem apagar\u201d a presen\u00e7a dos fi\u00e9is no pa\u00eds.<\/p>\n<p>\u201cEsta situa\u00e7\u00e3o \u00e9 preocupante. Acabamos de sair de uma grande persegui\u00e7\u00e3o e parece que a hist\u00f3ria est\u00e1 se repetindo. Esperamos que isso n\u00e3o aconte\u00e7a\u201d, comentou Pe. Behnam Benoka e expressou o seu desejo de que todos ajudem a acabar com o radicalismo isl\u00e2mico \u201cque atenta contra a humanidade\u201d.<\/p>\n<p>Em meio a esta situa\u00e7\u00e3o, \u201cpedimos a b\u00ean\u00e7\u00e3o do Santo Padre e a ajuda de todos os nossos irm\u00e3os crist\u00e3os. Entretanto, tamb\u00e9m devemos dar as m\u00e3os em primeiro lugar para nos ajudar a defender os nossos direitos e continuar vivendo como crist\u00e3os em nosso pa\u00eds, n\u00e3o s\u00f3 como cidad\u00e3os\u201d.<\/p>\n<p>Nesse sentido, Pe. Benoka sublinhou que o trabalho da Funda\u00e7\u00e3o Pontif\u00edcia Ajuda \u00e0 <a href=\"http:\/\/www.acidigital.com\/igreja\/index.html\">Igreja<\/a> que Sofre (ACN) no Iraque \u201cajudou a todos, n\u00e3o s\u00f3 cat\u00f3licos, mas tamb\u00e9m ortodoxos e n\u00e3o crist\u00e3os\u201d.<\/p>\n<p>Al\u00e9m disso, recordou que o gesto de iluminar o Coliseu romano de vermelho em homenagem aos milhares de crist\u00e3os perseguidos no mundo por sua f\u00e9 em 24 de fevereiro, em um evento organizado pela ACN, recordou o mart\u00edrio dos fi\u00e9is, como o \u201cPatriarca Santo In\u00e1cio\u201d que foi devorado pelos le\u00f5es nos primeiros s\u00e9culos.<\/p>\n<p>Por outro lado, Pe. Benoka lamentou que na Plan\u00edcie de N\u00ednive ainda haja \u201cuma falta de servi\u00e7os e infraestruturas, principalmente de \u00e1gua, das ruas e das escolas\u201d e que \u201cjovens e adultos especialmente sofrem pela falta de trabalho\u201d.<\/p>\n<p>O sacerdote acrescentou que \u201cos crist\u00e3os de Mossul ainda n\u00e3o se atrevem a voltar, porque a cidade est\u00e1 quase completamente destru\u00edda\u201d.<\/p>\n<p>&nbsp;<\/p>\n<p>Fonte: Acidigital<\/p>\n","protected":false},"excerpt":{"rendered":"<p>ROMA, 02 Mar. 18 \/ 02:30 pm (ACI).- Um sacerdote iraquiano da Diocese de Mossul afirmou que neste pa\u00eds do Oriente M\u00e9dio a persegui\u00e7\u00e3o aos crist\u00e3os ainda continua e que \u201ch\u00e1 uma falta de direito \u00e0 vida\u201d. Em uma entrevista concedida a Vatican News, Pe. Behnam Benoka indicou que \u201choje os crist\u00e3os vivem como se [&hellip;]<\/p>\n","protected":false},"author":1,"featured_media":38694,"comment_status":"open","ping_status":"closed","sticky":false,"template":"","format":"standard","meta":{"footnotes":""},"categories":[13],"tags":[],"class_list":["post-38693","post","type-post","status-publish","format-standard","has-post-thumbnail","hentry","category-featured"],"_links":{"self":[{"href":"https:\/\/catolicanet.net\/wp-cnet\/wp-json\/wp\/v2\/posts\/38693","targetHints":{"allow":["GET"]}}],"collection":[{"href":"https:\/\/catolicanet.net\/wp-cnet\/wp-json\/wp\/v2\/posts"}],"about":[{"href":"https:\/\/catolicanet.net\/wp-cnet\/wp-json\/wp\/v2\/types\/post"}],"author":[{"embeddable":true,"href":"https:\/\/catolicanet.net\/wp-cnet\/wp-json\/wp\/v2\/users\/1"}],"replies":[{"embeddable":true,"href":"https:\/\/catolicanet.net\/wp-cnet\/wp-json\/wp\/v2\/comments?post=38693"}],"version-history":[{"count":1,"href":"https:\/\/catolicanet.net\/wp-cnet\/wp-json\/wp\/v2\/posts\/38693\/revisions"}],"predecessor-version":[{"id":38695,"href":"https:\/\/catolicanet.net\/wp-cnet\/wp-json\/wp\/v2\/posts\/38693\/revisions\/38695"}],"wp:featuredmedia":[{"embeddable":true,"href":"https:\/\/catolicanet.net\/wp-cnet\/wp-json\/wp\/v2\/media\/38694"}],"wp:attachment":[{"href":"https:\/\/catolicanet.net\/wp-cnet\/wp-json\/wp\/v2\/media?parent=38693"}],"wp:term":[{"taxonomy":"category","embeddable":true,"href":"https:\/\/catolicanet.net\/wp-cnet\/wp-json\/wp\/v2\/categories?post=38693"},{"taxonomy":"post_tag","embeddable":true,"href":"https:\/\/catolicanet.net\/wp-cnet\/wp-json\/wp\/v2\/tags?post=38693"}],"curies":[{"name":"wp","href":"https:\/\/api.w.org\/{rel}","templated":true}]}}