{"id":3868,"date":"2014-01-08T16:14:42","date_gmt":"2014-01-08T18:14:42","guid":{"rendered":"http:\/\/catolicanet.net\/wp-cnet\/saudacao-da-cnbb-ao-novo-bispo-auxiliar-de-belem-pa\/"},"modified":"2017-03-24T15:56:40","modified_gmt":"2017-03-24T18:56:40","slug":"saudacao-da-cnbb-ao-novo-bispo-auxiliar-de-belem-pa","status":"publish","type":"post","link":"https:\/\/catolicanet.net\/wp-cnet\/saudacao-da-cnbb-ao-novo-bispo-auxiliar-de-belem-pa\/","title":{"rendered":"Sauda\u00e7\u00e3o da CNBB ao novo bispo auxiliar de Bel\u00e9m (PA)"},"content":{"rendered":"<p style=\"text-align: justify;\"><img decoding=\"async\" src=\"http:\/\/www.catolicanet.com.br\/images\/stories\/logocnbb.jpg\" border=\"0\" align=\"left\" \/>Com a not\u00edcia da nomea\u00e7\u00e3o padre Irineu Roman, CSJ, como bispo auxiliar de Bel\u00e9m (PA), a CNBB divulga nesta quarta-feira, 08, mensagem assinada pelo secret\u00e1rio geral da Confer\u00eancia, dom Leonardo Steiner. O texto destaca a trajet\u00f3ria presbiteral do novo bispo nos trabalhos dedicados na evangeliza\u00e7\u00e3o da juventude.<br \/><strong><br \/>A seguir, a \u00edntegra da mensagem:<\/strong><br \/>Bras\u00edlia, 08 de janeiro de 2014<br \/>SG. N\u00ba 0007\/14<\/p>\n<p>Sauda\u00e7\u00e3o ao novo Bispo Auxiliar de Bel\u00e9m (PA)<\/p>\n<p>A Confer\u00eancia Nacional dos Bispos do Brasil \u2013 CNBB recebe com alegria a not\u00edcia de que, na manh\u00e3 desta quarta-feira, 08 de janeiro, o Papa Francisco nomeou o Reverendo Padre Irineu Roman, CSJ como Bispo Auxiliar de Bel\u00e9m (PA).<\/p>\n<p>Padre Irineu \u00e9 ga\u00facho e membro da Congrega\u00e7\u00e3o de S\u00e3o Jos\u00e9, onde colaborou de forma especial no acompanhamento de jovens, na forma\u00e7\u00e3o de seminaristas, tendo sido vice-diretor, ec\u00f4nomo e diretor da Comunidade Religiosa dos Josefinos de Murialdo. Na Arquidiocese de Bel\u00e9m, exerceu as fun\u00e7\u00f5es de p\u00e1roco da Par\u00f3quia Santa Edwiges, de membro do Conselho Presbiteral e vig\u00e1rio episcopal da regi\u00e3o S\u00e3o Jo\u00e3o Batista.<\/p>\n<p>\u201cEmbora essa miss\u00e3o exija de n\u00f3s uma entrega generosa, seria um erro consider\u00e1-la como uma heroica tarefa pessoal, dado que ela \u00e9, primariamente e acima de tudo o que podemos sondar e compreender, obra de Deus\u201d. (Papa Francisco, EG 12)<\/p>\n<p>Saudamos Padre Irineu Roman e o acolhemos carinhosamente como novo membro da CNBB, desejando que seu trabalho seja coroado de muitas b\u00ean\u00e7\u00e3os. Que o Senhor lhe conceda sa\u00fade, paz e fidelidade no episcopado.<\/p>\n<p style=\"text-align: justify;\">\u00a0<\/p>\n<p style=\"text-align: center;\"><strong>Leonardo Ulrich Steiner<\/strong><br \/>Bispo Auxiliar de Bras\u00edlia<br \/>Secret\u00e1rio Geral da CNBB<\/p>\n<p style=\"text-align: left;\"><strong>Local: Bras\u00edlia (DF)<br \/>Fonte: CNBB<\/strong><\/p>\n","protected":false},"excerpt":{"rendered":"<p>Com a not\u00edcia da nomea\u00e7\u00e3o padre Irineu Roman, CSJ, como bispo auxiliar de Bel\u00e9m (PA), a CNBB divulga nesta quarta-feira, 08, mensagem assinada pelo secret\u00e1rio geral da Confer\u00eancia, dom Leonardo Steiner. O texto destaca a trajet\u00f3ria presbiteral do novo bispo nos trabalhos dedicados na evangeliza\u00e7\u00e3o da juventude.A seguir, a \u00edntegra da mensagem:Bras\u00edlia, 08 de janeiro [&hellip;]<\/p>\n","protected":false},"author":1,"featured_media":1524,"comment_status":"closed","ping_status":"closed","sticky":false,"template":"","format":"standard","meta":{"footnotes":""},"categories":[7],"tags":[],"class_list":["post-3868","post","type-post","status-publish","format-standard","has-post-thumbnail","hentry","category-cnbb"],"_links":{"self":[{"href":"https:\/\/catolicanet.net\/wp-cnet\/wp-json\/wp\/v2\/posts\/3868","targetHints":{"allow":["GET"]}}],"collection":[{"href":"https:\/\/catolicanet.net\/wp-cnet\/wp-json\/wp\/v2\/posts"}],"about":[{"href":"https:\/\/catolicanet.net\/wp-cnet\/wp-json\/wp\/v2\/types\/post"}],"author":[{"embeddable":true,"href":"https:\/\/catolicanet.net\/wp-cnet\/wp-json\/wp\/v2\/users\/1"}],"replies":[{"embeddable":true,"href":"https:\/\/catolicanet.net\/wp-cnet\/wp-json\/wp\/v2\/comments?post=3868"}],"version-history":[{"count":1,"href":"https:\/\/catolicanet.net\/wp-cnet\/wp-json\/wp\/v2\/posts\/3868\/revisions"}],"predecessor-version":[{"id":8097,"href":"https:\/\/catolicanet.net\/wp-cnet\/wp-json\/wp\/v2\/posts\/3868\/revisions\/8097"}],"wp:featuredmedia":[{"embeddable":true,"href":"https:\/\/catolicanet.net\/wp-cnet\/wp-json\/wp\/v2\/media\/1524"}],"wp:attachment":[{"href":"https:\/\/catolicanet.net\/wp-cnet\/wp-json\/wp\/v2\/media?parent=3868"}],"wp:term":[{"taxonomy":"category","embeddable":true,"href":"https:\/\/catolicanet.net\/wp-cnet\/wp-json\/wp\/v2\/categories?post=3868"},{"taxonomy":"post_tag","embeddable":true,"href":"https:\/\/catolicanet.net\/wp-cnet\/wp-json\/wp\/v2\/tags?post=3868"}],"curies":[{"name":"wp","href":"https:\/\/api.w.org\/{rel}","templated":true}]}}