{"id":38674,"date":"2018-03-02T13:26:16","date_gmt":"2018-03-02T16:26:16","guid":{"rendered":"http:\/\/catolicanet.net\/wp-cnet\/?p=38674"},"modified":"2018-03-02T13:26:16","modified_gmt":"2018-03-02T16:26:16","slug":"plenaria-da-cal-sera-dedicada-a-mulher-latino-americana","status":"publish","type":"post","link":"https:\/\/catolicanet.net\/wp-cnet\/plenaria-da-cal-sera-dedicada-a-mulher-latino-americana\/","title":{"rendered":"Plen\u00e1ria da CAL ser\u00e1 dedicada \u00e0 mulher latino-americana"},"content":{"rendered":"<div class=\"article__subTitle\">Em car\u00e1ter excepcional, grupo de mulheres foi convidado a participar da Plen\u00e1ria da Pontif\u00edcia Comiss\u00e3o para a Am\u00e9rica Latina. Audi\u00eancia com o Papa ser\u00e1 em 9 de mar\u00e7o.<\/div>\n<div class=\"title__separator\"><\/div>\n<div class=\"article__text\">\n<p><b>Cidade do Vaticano &#8211;<\/b><\/p>\n<p>\u201cA mulher, pilar da edifica\u00e7\u00e3o da Igreja e da sociedade na Am\u00e9rica Latina\u201d: este \u00e9 o tema escolhido pelo Papa Francisco para a pr\u00f3xima Assembleia Plen\u00e1ria da Pontif\u00edcia Comiss\u00e3o para a Am\u00e9rica Latina\u201d, que se realizar\u00e1 no Vaticano de 6 a 9 de mar\u00e7o 2018.<\/p>\n<p>J\u00e1 que todos os membros e conselheiros da CAL s\u00e3o cardeais e bispos, desta vez \u2013 em car\u00e1ter excepcional \u2013 foi convidado para a Plen\u00e1ria um grupo restrito de personalidades femininas provenientes da Am\u00e9rica Latina, com diferentes cargos de responsabilidade sociais e eclesiais. \u201cSua presen\u00e7a, compet\u00eancia e experi\u00eancia ser\u00e3o fundamentais para enriquecer as reflex\u00f5es e interc\u00e2mbio de ideias no decorrer da Assembleia\u201d, l\u00ea-se no comunicado de imprensa.<\/p>\n<p>O programa prev\u00ea quatro confer\u00eancias: a Professora Ana Maria Bidegain destacar\u00e1 \u201cos obst\u00e1culos e os pontos de for\u00e7a para a promo\u00e7\u00e3o da mulher na realidade latino-americana; o Prof. Guzm\u00e1n Carriquiry falar\u00e1 das mulheres que marcaram \u201ca guinada de uma transforma\u00e7\u00e3o cultural\u201d; o cardeal Francisco Robles apresentar\u00e1 o tema \u201ca presen\u00e7a de Nossa Senhora e o papel da mulher na evangeliza\u00e7\u00e3o dos povos latino-americanos\u201d, e o cardeal Marc Ouellet, Presidente da CAL falar\u00e1 sobre \u201ca mulher \u00e0 luz do mist\u00e9rio da Trindade e da Igreja\u201d. Haver\u00e1 ainda uma s\u00e9rie de paineis sobre temas relacionados ao universo feminino.<\/p>\n<h2>Papa Francisco<\/h2>\n<p>&nbsp;<\/p>\n<p>Ao final da Plen\u00e1ria, est\u00e1 prevista uma audi\u00eancia com o Pont\u00edfice na manh\u00e3 de sexta-feira, 9 de mar\u00e7o.<\/p>\n<p>A \u00faltima vez que Francisco falou da situa\u00e7\u00e3o da mulher latino-americana foi em sua recente viagem ao Peru, em janeiro passado, quando denunciou o \u201cmachismo\u201d na regi\u00e3o, que comporta discrimina\u00e7\u00f5es no trabalho, condi\u00e7\u00f5es de pobreza e indig\u00eancia e a viol\u00eancia que muitas vezes provoca casos de feminic\u00eddio.<\/p>\n<!--[if lt IE 9]><script>document.createElement('audio');<\/script><![endif]-->\n<audio class=\"wp-audio-shortcode\" id=\"audio-38674-1\" preload=\"none\" style=\"width: 100%;\" controls=\"controls\"><source type=\"audio\/mpeg\" src=\"http:\/\/media.vaticannews.va\/media\/audio\/s1\/2018\/3\/2\/10\/134311713_F134311713.mp3?_=1\" \/><a href=\"http:\/\/media.vaticannews.va\/media\/audio\/s1\/2018\/3\/2\/10\/134311713_F134311713.mp3\">http:\/\/media.vaticannews.va\/media\/audio\/s1\/2018\/3\/2\/10\/134311713_F134311713.mp3<\/a><\/audio>\n<\/div>\n<p>Fonte: R\u00e1dio Vaticano<\/p>\n","protected":false},"excerpt":{"rendered":"<p>Em car\u00e1ter excepcional, grupo de mulheres foi convidado a participar da Plen\u00e1ria da Pontif\u00edcia Comiss\u00e3o para a Am\u00e9rica Latina. Audi\u00eancia com o Papa ser\u00e1 em 9 de mar\u00e7o. Cidade do Vaticano &#8211; \u201cA mulher, pilar da edifica\u00e7\u00e3o da Igreja e da sociedade na Am\u00e9rica Latina\u201d: este \u00e9 o tema escolhido pelo Papa Francisco para a [&hellip;]<\/p>\n","protected":false},"author":1,"featured_media":38675,"comment_status":"open","ping_status":"closed","sticky":false,"template":"","format":"standard","meta":{"footnotes":""},"categories":[3],"tags":[],"class_list":["post-38674","post","type-post","status-publish","format-standard","has-post-thumbnail","hentry","category-vaticano"],"_links":{"self":[{"href":"https:\/\/catolicanet.net\/wp-cnet\/wp-json\/wp\/v2\/posts\/38674","targetHints":{"allow":["GET"]}}],"collection":[{"href":"https:\/\/catolicanet.net\/wp-cnet\/wp-json\/wp\/v2\/posts"}],"about":[{"href":"https:\/\/catolicanet.net\/wp-cnet\/wp-json\/wp\/v2\/types\/post"}],"author":[{"embeddable":true,"href":"https:\/\/catolicanet.net\/wp-cnet\/wp-json\/wp\/v2\/users\/1"}],"replies":[{"embeddable":true,"href":"https:\/\/catolicanet.net\/wp-cnet\/wp-json\/wp\/v2\/comments?post=38674"}],"version-history":[{"count":1,"href":"https:\/\/catolicanet.net\/wp-cnet\/wp-json\/wp\/v2\/posts\/38674\/revisions"}],"predecessor-version":[{"id":38676,"href":"https:\/\/catolicanet.net\/wp-cnet\/wp-json\/wp\/v2\/posts\/38674\/revisions\/38676"}],"wp:featuredmedia":[{"embeddable":true,"href":"https:\/\/catolicanet.net\/wp-cnet\/wp-json\/wp\/v2\/media\/38675"}],"wp:attachment":[{"href":"https:\/\/catolicanet.net\/wp-cnet\/wp-json\/wp\/v2\/media?parent=38674"}],"wp:term":[{"taxonomy":"category","embeddable":true,"href":"https:\/\/catolicanet.net\/wp-cnet\/wp-json\/wp\/v2\/categories?post=38674"},{"taxonomy":"post_tag","embeddable":true,"href":"https:\/\/catolicanet.net\/wp-cnet\/wp-json\/wp\/v2\/tags?post=38674"}],"curies":[{"name":"wp","href":"https:\/\/api.w.org\/{rel}","templated":true}]}}