{"id":38670,"date":"2018-03-02T11:31:44","date_gmt":"2018-03-02T14:31:44","guid":{"rendered":"http:\/\/catolicanet.net\/wp-cnet\/?p=38670"},"modified":"2018-03-02T11:31:44","modified_gmt":"2018-03-02T14:31:44","slug":"papa-francisco-dia-21-de-junho-em-genebra","status":"publish","type":"post","link":"https:\/\/catolicanet.net\/wp-cnet\/papa-francisco-dia-21-de-junho-em-genebra\/","title":{"rendered":"Papa Francisco dia 21 de junho em Genebra"},"content":{"rendered":"<div class=\"article__subTitle\">O Santo Padre visita o Conselho Mundial de Igrejas, nascido em Amsterd\u00e3 em 1948, e que representa mais de 500 milh\u00f5es de crist\u00e3os em todo o mundo.<\/div>\n<div class=\"title__separator\"><\/div>\n<div class=\"article__text\">\n<p><b>Cidade do Vaticano\u00a0<\/b><\/p>\n<p>O Papa Francisco ir\u00e1 no pr\u00f3ximo dia 21 de junho a Genebra para uma visita ao Conselho Mundial de Igrejas, organismo que re\u00fane 348 Igrejas protestantes, luteranas, anglicanas, ortodoxas. Foi o que confirmou aos microfones de Vatican News, Olav Fykse Tveit, secret\u00e1rio geral do Conselho Mundial de Igrejas.<\/p>\n<p>Est\u00e1 em andamento na Sala de Imprensa da Santa S\u00e9 a apresenta\u00e7\u00e3o das iniciativas para as celebra\u00e7\u00f5es dos 70 anos do Conselho Mundial de Igrejas. Participam da coletiva de imprensa Olav Fykse Tveit e o cardeal Kurt Koch, presidente do Pontif\u00edcio Conselho para a Promo\u00e7\u00e3o da Unidade dos Crist\u00e3os.<\/p>\n<p>O Conselho Mundial de Igrejas, nascido em Amsterd\u00e3 em 1948, representa mais de 500 milh\u00f5es de crist\u00e3os em todo o mundo. A Igreja Cat\u00f3lica participa como \u201cobservadora\u201d e \u00e9 membro a pleno t\u00edtulo da Comiss\u00e3o \u201cF\u00e9 e Constitui\u00e7\u00e3o\u201d.<\/p>\n<p>Os objetivos priorit\u00e1rios deste organismo s\u00e3o os de caminhar em dire\u00e7\u00e3o a uma unidade vis\u00edvel da Igreja e de ser no mundo instrumento de reconcilia\u00e7\u00e3o. Os membros fundadores deste organismo s\u00e3o provenientes principalmente da Europa e da Am\u00e9rica do Norte. Mas hoje a maior parte das Igreja se encontra na \u00c1frica, \u00c1sia, Caribe, Am\u00e9rica Latina, Oriente M\u00e9dio e Oceania.<\/p>\n<\/div>\n<p>Fonte: R\u00e1dio Vaticano<\/p>\n","protected":false},"excerpt":{"rendered":"<p>O Santo Padre visita o Conselho Mundial de Igrejas, nascido em Amsterd\u00e3 em 1948, e que representa mais de 500 milh\u00f5es de crist\u00e3os em todo o mundo. Cidade do Vaticano\u00a0 O Papa Francisco ir\u00e1 no pr\u00f3ximo dia 21 de junho a Genebra para uma visita ao Conselho Mundial de Igrejas, organismo que re\u00fane 348 Igrejas [&hellip;]<\/p>\n","protected":false},"author":1,"featured_media":38671,"comment_status":"open","ping_status":"closed","sticky":false,"template":"","format":"standard","meta":{"footnotes":""},"categories":[3],"tags":[],"class_list":["post-38670","post","type-post","status-publish","format-standard","has-post-thumbnail","hentry","category-vaticano"],"_links":{"self":[{"href":"https:\/\/catolicanet.net\/wp-cnet\/wp-json\/wp\/v2\/posts\/38670","targetHints":{"allow":["GET"]}}],"collection":[{"href":"https:\/\/catolicanet.net\/wp-cnet\/wp-json\/wp\/v2\/posts"}],"about":[{"href":"https:\/\/catolicanet.net\/wp-cnet\/wp-json\/wp\/v2\/types\/post"}],"author":[{"embeddable":true,"href":"https:\/\/catolicanet.net\/wp-cnet\/wp-json\/wp\/v2\/users\/1"}],"replies":[{"embeddable":true,"href":"https:\/\/catolicanet.net\/wp-cnet\/wp-json\/wp\/v2\/comments?post=38670"}],"version-history":[{"count":1,"href":"https:\/\/catolicanet.net\/wp-cnet\/wp-json\/wp\/v2\/posts\/38670\/revisions"}],"predecessor-version":[{"id":38672,"href":"https:\/\/catolicanet.net\/wp-cnet\/wp-json\/wp\/v2\/posts\/38670\/revisions\/38672"}],"wp:featuredmedia":[{"embeddable":true,"href":"https:\/\/catolicanet.net\/wp-cnet\/wp-json\/wp\/v2\/media\/38671"}],"wp:attachment":[{"href":"https:\/\/catolicanet.net\/wp-cnet\/wp-json\/wp\/v2\/media?parent=38670"}],"wp:term":[{"taxonomy":"category","embeddable":true,"href":"https:\/\/catolicanet.net\/wp-cnet\/wp-json\/wp\/v2\/categories?post=38670"},{"taxonomy":"post_tag","embeddable":true,"href":"https:\/\/catolicanet.net\/wp-cnet\/wp-json\/wp\/v2\/tags?post=38670"}],"curies":[{"name":"wp","href":"https:\/\/api.w.org\/{rel}","templated":true}]}}