{"id":38665,"date":"2018-03-02T11:02:32","date_gmt":"2018-03-02T14:02:32","guid":{"rendered":"http:\/\/catolicanet.net\/wp-cnet\/?p=38665"},"modified":"2018-03-02T11:13:35","modified_gmt":"2018-03-02T14:13:35","slug":"segunda-pregacao-da-quaresma-o-amor-nao-seja-fingido","status":"publish","type":"post","link":"https:\/\/catolicanet.net\/wp-cnet\/segunda-pregacao-da-quaresma-o-amor-nao-seja-fingido\/","title":{"rendered":"Segunda prega\u00e7\u00e3o da Quaresma: o amor n\u00e3o seja fingido"},"content":{"rendered":"<div class=\"article__subTitle\">O pregador da Casa Pontif\u00edcia escolheu como tema das medita\u00e7\u00f5es para a Quaresma deste ano: \u201cRevesti-vos do Senhor Jesus Cristo\u201d. As medita\u00e7\u00f5es s\u00e3o feitas sempre \u00e0s sextas-feiras e v\u00e3o at\u00e9 23 de mar\u00e7o.<\/div>\n<div class=\"title__separator\"><\/div>\n<div class=\"article__text\">\n<p><b>Cidade do Vaticano \u2013<\/b><\/p>\n<p>O Papa Francisco e seus colaboradores da C\u00faria Romana participaram na manh\u00e3 de sexta-feira (02\/03) da segunda prega\u00e7\u00e3o de Quaresma feita pelo<b> Fr. Raniero <\/b><span id=\"at-ba02b03b-a669-4066-8fb8-6291ff6ad2cc\" class=\"at4-visually-hidden\"><\/span><\/p>\n<div>\n<aside class=\"article__readmore\">\n<div class=\"teaser--labelEvidence teaser\">\n<article>\n<div class=\"teaser__contentWrapper\">\n<h2 class=\"teaser__title\"><a title=\"II Prega\u00e7\u00e3o da Quaresma do Pe. Raniero Cantalamessa - texto integral\" href=\"http:\/\/www.vaticannews.va\/pt\/vaticano\/news\/2018-03\/ii-pregacao-da-quaresma-raniero-cantalamessa-2018.html\">II Prega\u00e7\u00e3o da Quaresma do Pe. Raniero Cantalamessa &#8211; texto integral<\/a><\/h2>\n<\/div>\n<\/article>\n<\/div>\n<\/aside>\n<\/div>\n<p>&nbsp;<\/p>\n<p>O tema da medita\u00e7\u00e3o, na capela Redemptoris Mater, foi \u201cO amor n\u00e3o seja fingido\u201d. \u201cO agape, ou a caridade crist\u00e3, n\u00e3o \u00e9 uma das virtudes, nem que fosse a primeira; \u00e9 a forma de todas as virtudes, aquela da qual \u201cdependem toda a lei e os profetas\u201d, afirmou o frade capuchinho, citando vers\u00edculos do Novo Testamento (Mt 22, 40; Rm 13,10). Entre os frutos do Esp\u00edrito que o Apost\u00f3lo elenca nos G\u00e1latas 5, 22, em primeiro lugar encontramos o amor: \u201cO fruto do Esp\u00edrito \u00e9 amor, alegria, paz&#8230;\u201d.<\/p>\n<h2>O amor n\u00e3o seja fingido<\/h2>\n<p>Quando o Ap\u00f3stolo Paulo afirma \u201cO amor n\u00e3o seja fingido\u201d, n\u00e3o se trata de uma das in\u00fameras exorta\u00e7\u00f5es, mas a matriz de onde derivam as demais. Cont\u00e9m o segredo da caridade, do amor. O que se pede ao amor \u00e9 que seja verdadeiro, aut\u00eantico, n\u00e3o fingido. Para o frade franciscano, se pode falar de uma intui\u00e7\u00e3o paulina em rela\u00e7\u00e3o \u00e0 caridade, indicando o cora\u00e7\u00e3o como o \u201clocal\u201d em que se decide o valor daquilo que o homem faz.<\/p>\n<div>\n<div class=\"article__embed article__embed--border embed_style\">\n<blockquote><p>\u201c O amor sincero consiste em amar-se intensamente \u2018de verdadeiro cora\u00e7\u00e3o\u2019. \u201d<\/p><\/blockquote>\n<\/div>\n<\/div>\n<p>O amor \u00e9 paciente, \u00e9 benigno, n\u00e3o \u00e9 invejoso, prosseguiu Fr. Cantalamessa. A caridade hip\u00f3crita \u00e9 aquela que faz o bem sem querer bem, que mostra ao exterior algo que n\u00e3o tem uma correspond\u00eancia no cora\u00e7\u00e3o. N\u00e3o se trata de atenuar a import\u00e2ncia das obras de caridade, mas garantir a elas um fundamento seguro contra o ego\u00edsmo e as suas infinitas ast\u00facias.<\/p>\n<h2>Convite: olhar para si mesmo<\/h2>\n<p>&nbsp;<\/p>\n<p>Portanto, cada um \u00e9 convidado a examinar a si mesmo para ver o que est\u00e1 na raiz da pr\u00f3pria escolha: se h\u00e1 a realeza de Cristo, a sua gl\u00f3ria, o interesse Dele, ou a pr\u00f3pria afirma\u00e7\u00e3o, o pr\u00f3prio \u201ceu\u201d e o pr\u00f3prio poder. Se a escolha \u00e9 de natureza realmente espiritual e evang\u00e9lica, ou se n\u00e3o depende, ao inv\u00e9s, da pr\u00f3pria inclina\u00e7\u00e3o psicol\u00f3gica, ou pior, da pr\u00f3pria op\u00e7\u00e3o pol\u00edtica.<\/p>\n<p>O pregador da Casa Pontif\u00edcia escolheu como tema das medita\u00e7\u00f5es para a Quaresma deste ano: \u201cRevesti-vos do Senhor Jesus Cristo\u201d. As medita\u00e7\u00f5es s\u00e3o feitas sempre \u00e0s sextas-feiras e v\u00e3o at\u00e9 23 de mar\u00e7o.<\/p>\n<div>\n<div class=\"article__embed article__embed--unwrap article__embed--dark\">\n<div class=\"article__innerTitle\">Ou\u00e7a a reportagem<\/div>\n<\/div>\n<\/div>\n<\/div>\n<div>\n<!--[if lt IE 9]><script>document.createElement('audio');<\/script><![endif]-->\n<audio class=\"wp-audio-shortcode\" id=\"audio-38665-1\" preload=\"none\" style=\"width: 100%;\" controls=\"controls\"><source type=\"audio\/mpeg\" src=\"http:\/\/media.vaticannews.va\/media\/audio\/s1\/2018\/3\/2\/10\/134311693_F134311693.mp3?_=1\" \/><a href=\"http:\/\/media.vaticannews.va\/media\/audio\/s1\/2018\/3\/2\/10\/134311693_F134311693.mp3\">http:\/\/media.vaticannews.va\/media\/audio\/s1\/2018\/3\/2\/10\/134311693_F134311693.mp3<\/a><\/audio>\n<p>Fonte: R\u00e1dio Vaticano<\/p>\n<\/div>\n<div><\/div>\n","protected":false},"excerpt":{"rendered":"<p>O pregador da Casa Pontif\u00edcia escolheu como tema das medita\u00e7\u00f5es para a Quaresma deste ano: \u201cRevesti-vos do Senhor Jesus Cristo\u201d. As medita\u00e7\u00f5es s\u00e3o feitas sempre \u00e0s sextas-feiras e v\u00e3o at\u00e9 23 de mar\u00e7o. Cidade do Vaticano \u2013 O Papa Francisco e seus colaboradores da C\u00faria Romana participaram na manh\u00e3 de sexta-feira (02\/03) da segunda prega\u00e7\u00e3o [&hellip;]<\/p>\n","protected":false},"author":1,"featured_media":38666,"comment_status":"open","ping_status":"closed","sticky":false,"template":"","format":"standard","meta":{"footnotes":""},"categories":[13,3],"tags":[],"class_list":["post-38665","post","type-post","status-publish","format-standard","has-post-thumbnail","hentry","category-featured","category-vaticano"],"_links":{"self":[{"href":"https:\/\/catolicanet.net\/wp-cnet\/wp-json\/wp\/v2\/posts\/38665","targetHints":{"allow":["GET"]}}],"collection":[{"href":"https:\/\/catolicanet.net\/wp-cnet\/wp-json\/wp\/v2\/posts"}],"about":[{"href":"https:\/\/catolicanet.net\/wp-cnet\/wp-json\/wp\/v2\/types\/post"}],"author":[{"embeddable":true,"href":"https:\/\/catolicanet.net\/wp-cnet\/wp-json\/wp\/v2\/users\/1"}],"replies":[{"embeddable":true,"href":"https:\/\/catolicanet.net\/wp-cnet\/wp-json\/wp\/v2\/comments?post=38665"}],"version-history":[{"count":3,"href":"https:\/\/catolicanet.net\/wp-cnet\/wp-json\/wp\/v2\/posts\/38665\/revisions"}],"predecessor-version":[{"id":38669,"href":"https:\/\/catolicanet.net\/wp-cnet\/wp-json\/wp\/v2\/posts\/38665\/revisions\/38669"}],"wp:featuredmedia":[{"embeddable":true,"href":"https:\/\/catolicanet.net\/wp-cnet\/wp-json\/wp\/v2\/media\/38666"}],"wp:attachment":[{"href":"https:\/\/catolicanet.net\/wp-cnet\/wp-json\/wp\/v2\/media?parent=38665"}],"wp:term":[{"taxonomy":"category","embeddable":true,"href":"https:\/\/catolicanet.net\/wp-cnet\/wp-json\/wp\/v2\/categories?post=38665"},{"taxonomy":"post_tag","embeddable":true,"href":"https:\/\/catolicanet.net\/wp-cnet\/wp-json\/wp\/v2\/tags?post=38665"}],"curies":[{"name":"wp","href":"https:\/\/api.w.org\/{rel}","templated":true}]}}