{"id":38649,"date":"2018-03-02T09:24:14","date_gmt":"2018-03-02T12:24:14","guid":{"rendered":"http:\/\/catolicanet.net\/wp-cnet\/?p=38649"},"modified":"2018-03-02T09:29:19","modified_gmt":"2018-03-02T12:29:19","slug":"dom-darci-participa-de-encontro-no-celam-em-nome-da-cnbb","status":"publish","type":"post","link":"https:\/\/catolicanet.net\/wp-cnet\/dom-darci-participa-de-encontro-no-celam-em-nome-da-cnbb\/","title":{"rendered":"Dom Darci participa de encontro no Celam em nome da CNBB"},"content":{"rendered":"<p>Dom Darci Jos\u00e9 Nicioli, arcebispo de Diamantina (MG) e presidente da Comiss\u00e3o Episcopal Pastoral para a Comunica\u00e7\u00e3o representar\u00e1 a CNBB no encontro sobre comunica\u00e7\u00e3o convocado pelo Conselho Episcopal Latino-Americano (Celam). outros bispos e tamb\u00e9m alguns secret\u00e1rios-executivos ou delegados dos Departamentos ou Comiss\u00f5es de Comunica\u00e7\u00e3o e Imprensa das confer\u00eancias episcopais da Am\u00e9rica Latina e do Caribe tamb\u00e9m foram chamados para um encontro em Bogot\u00e1 que ser\u00e1 realizado de 5 a 9 de mar\u00e7o. Existem 22 confer\u00eancias e pa\u00edses que comp\u00f5em o Celam. Destas, 18 confirmaram a presen\u00e7a no encontro.<\/p>\n<p>A reuni\u00e3o que se prop\u00f5e a fortalecer comunh\u00e3o e pretende compartilhar o trabalho que \u00e9 realizado em cada pa\u00eds. Al\u00e9m disso, ser\u00e3o apresentadas quest\u00f5es atuais que incluem o modo e a linguagem para que a mensagem e a informa\u00e7\u00e3o produzidas na Igreja sejam atraentes na enorme esfera do mundo de hoje e tamb\u00e9m sobre a forma co mo o trabalho neste campo seja fortalecido, em cada na\u00e7\u00e3o. Ao mesmo tempo, pretende-se estabelecer linhas pastorais para uma pastoral de comunica\u00e7\u00e3o conjunta no continente.<\/p>\n<p>A reuni\u00e3o ser\u00e1 realizada na Casa de retiros San Pedro Claver, localizado no cora\u00e7\u00e3o da cidade de Bogot\u00e1, na Col\u00f4mbia. A atualiza\u00e7\u00e3o e realiza\u00e7\u00e3o do trabalho em cada pa\u00eds e no continente requer a an\u00e1lise e aprofundamento da realidade da regi\u00e3o, por isso h\u00e1 um espa\u00e7o que ajudar\u00e1 nesta linha. V\u00e1rios bispos, sacerdotes, religiosos e leigos, especialistas t\u00e9cnicos em diversos temas, ajudar\u00e3o a tornar a reuni\u00e3o muito \u00fatil para a pastoral da comunica\u00e7\u00e3o ao servi\u00e7o dos povos e sociedades.<\/p>\n<p><strong>Estrutura do encontro<\/strong><\/p>\n<p>Um texto de trabalho foi enviado para todos os convidados no qual se encontra a proposta de reflex\u00e3o\u00a0 do encontro: elaborar uma proposta de linhas pastorais em comunica\u00e7\u00e3o para Am\u00e9rica Latina e\u00a0Caribe \u201cconstruindo pontes de fraternidade para um compromisso pastoral\u201d. Este texto \u00e9 fruto do trabalho que contou\u00a0com as contribui\u00e7\u00f5es\u00a0dos bispos e delegados que participaram de duas reuni\u00f5es continentais realizadas nos \u00faltimos anos.\u00a0A tarefa dessa reuni\u00e3o agora ser\u00e1 de atualizar\u00a0n\u00e3o s\u00f3 no contexto s\u00f3cio-pol\u00edtico, cultural, econ\u00f4mico e social dos nossos pa\u00edses, mas tamb\u00e9m do contexto planet\u00e1rio globalizado, no \u00e2mbito da caminhada da Igreja liderada pelo Papa Francisco.<\/p>\n<p>O ponto de partida s\u00e3o as constata\u00e7\u00f5es presentes no texto: \u201cA Igreja Cat\u00f3lica no continente entrou em uma din\u00e2mica comunicacional significativa: nota-se a ess\u00eancia humana e humanizadora dos processos de comunica\u00e7\u00e3o; espa\u00e7os importantes de reuni\u00e3o e coordena\u00e7\u00e3o s\u00e3o mantidos de maneira central e por regi\u00e3o; v\u00e1rias Igrejas Particulares entraram no campo da comunica\u00e7\u00e3o digital e passaram a interagir em redes sociais, entre outros avan\u00e7os; embora o uso de tecnologias tenha aumentado, no entanto, ainda existe setores da Igreja que permanecem marginalizados e exclu\u00eddos de seus benef\u00edcios; h\u00e1 avan\u00e7os importantes na elabora\u00e7\u00e3o de uma teologia da comunica\u00e7\u00e3o, sem, no entanto, uma necess\u00e1ria continuidade e a\u00a0comunica\u00e7\u00e3o n\u00e3o tem ocupado o lugar e a import\u00e2ncia atribu\u00eddos pelo Magist\u00e9rio da Igreja\u201d.<\/p>\n<p><strong>Participa\u00e7\u00e3o do Brasil<\/strong><\/p>\n<p>O presidente da Comiss\u00e3o de Comunica\u00e7\u00e3o da CNBB levar\u00e1 aos bispos e outros participantes alguns relat\u00f3rios sobre o que se faz no Brasil no campo da anima\u00e7\u00e3o da comunica\u00e7\u00e3o considerando os quatro eixos pastorais definidos pelo Diret\u00f3rio de Comunica\u00e7\u00e3o da Igreja no Brasil: forma\u00e7\u00e3o, articula\u00e7\u00e3o, produ\u00e7\u00e3o e espiritualidade. Ele tamb\u00e9m vai partilhar as experi\u00eancias nacionais de encontros de comunicadores da Igreja tanto no campo da pastoral como no campo da anima\u00e7\u00e3o de profissionais que atuam na \u00e1rea.<\/p>\n<p>Al\u00e9m de dom Darci, Pe. Rafael Vieira, assessor da Comiss\u00e3o e respons\u00e1vel pela Assessoria de Imprensa da Confer\u00eancia tamb\u00e9m estar\u00e1 presente.<\/p>\n<p>&nbsp;<\/p>\n<p>Fonte: CNBB<\/p>\n","protected":false},"excerpt":{"rendered":"<p>Dom Darci Jos\u00e9 Nicioli, arcebispo de Diamantina (MG) e presidente da Comiss\u00e3o Episcopal Pastoral para a Comunica\u00e7\u00e3o representar\u00e1 a CNBB no encontro sobre comunica\u00e7\u00e3o convocado pelo Conselho Episcopal Latino-Americano (Celam). outros bispos e tamb\u00e9m alguns secret\u00e1rios-executivos ou delegados dos Departamentos ou Comiss\u00f5es de Comunica\u00e7\u00e3o e Imprensa das confer\u00eancias episcopais da Am\u00e9rica Latina e do Caribe [&hellip;]<\/p>\n","protected":false},"author":1,"featured_media":38650,"comment_status":"open","ping_status":"closed","sticky":false,"template":"","format":"standard","meta":{"footnotes":""},"categories":[7],"tags":[],"class_list":["post-38649","post","type-post","status-publish","format-standard","has-post-thumbnail","hentry","category-cnbb"],"_links":{"self":[{"href":"https:\/\/catolicanet.net\/wp-cnet\/wp-json\/wp\/v2\/posts\/38649","targetHints":{"allow":["GET"]}}],"collection":[{"href":"https:\/\/catolicanet.net\/wp-cnet\/wp-json\/wp\/v2\/posts"}],"about":[{"href":"https:\/\/catolicanet.net\/wp-cnet\/wp-json\/wp\/v2\/types\/post"}],"author":[{"embeddable":true,"href":"https:\/\/catolicanet.net\/wp-cnet\/wp-json\/wp\/v2\/users\/1"}],"replies":[{"embeddable":true,"href":"https:\/\/catolicanet.net\/wp-cnet\/wp-json\/wp\/v2\/comments?post=38649"}],"version-history":[{"count":1,"href":"https:\/\/catolicanet.net\/wp-cnet\/wp-json\/wp\/v2\/posts\/38649\/revisions"}],"predecessor-version":[{"id":38651,"href":"https:\/\/catolicanet.net\/wp-cnet\/wp-json\/wp\/v2\/posts\/38649\/revisions\/38651"}],"wp:featuredmedia":[{"embeddable":true,"href":"https:\/\/catolicanet.net\/wp-cnet\/wp-json\/wp\/v2\/media\/38650"}],"wp:attachment":[{"href":"https:\/\/catolicanet.net\/wp-cnet\/wp-json\/wp\/v2\/media?parent=38649"}],"wp:term":[{"taxonomy":"category","embeddable":true,"href":"https:\/\/catolicanet.net\/wp-cnet\/wp-json\/wp\/v2\/categories?post=38649"},{"taxonomy":"post_tag","embeddable":true,"href":"https:\/\/catolicanet.net\/wp-cnet\/wp-json\/wp\/v2\/tags?post=38649"}],"curies":[{"name":"wp","href":"https:\/\/api.w.org\/{rel}","templated":true}]}}