{"id":38644,"date":"2018-03-02T09:13:28","date_gmt":"2018-03-02T12:13:28","guid":{"rendered":"http:\/\/catolicanet.net\/wp-cnet\/?p=38644"},"modified":"2018-03-02T09:37:21","modified_gmt":"2018-03-02T12:37:21","slug":"o-desafio-de-pessoas-que-passam-pela-experiencia-da-perda","status":"publish","type":"post","link":"https:\/\/catolicanet.net\/wp-cnet\/o-desafio-de-pessoas-que-passam-pela-experiencia-da-perda\/","title":{"rendered":"O desafio de pessoas que passam pela experi\u00eancia da perda"},"content":{"rendered":"<p>Cuidar das necessidades espirituais de pessoas que passam pela experi\u00eancia da perda \u2013 vi\u00favas e vi\u00favos, separados e separadas e quem est\u00e1 em luto \u2013 foi tema de uma reuni\u00e3o da Comiss\u00e3o Episcopal Pastoral para a Vida e a Fam\u00edlia da Confer\u00eancia Nacional dos Bispos do Brasil (CNBB) com o grupo \u201cFica Conosco Senhor\u201d (Lc 24, 29), de Guarulhos (SP), que desenvolve um trabalho de apoio a homens e mulheres que vivem essa realidade.<\/p>\n<p><a href=\"http:\/\/cnbb.net.br\/comissao-prepara-encontro-nacional-para-pessoas-que-passaram-pela-experiencia-da-perda\/whatsapp-image-2018-03-01-at-07-30-55\/\"><img loading=\"lazy\" decoding=\"async\" class=\" wp-image-165274 alignleft\" src=\"http:\/\/cnbb.net.br\/wp-content\/uploads\/sites\/32\/2018\/03\/WhatsApp-Image-2018-03-01-at-07.30.55-300x225.jpeg\" srcset=\"http:\/\/cnbb.net.br\/wp-content\/uploads\/sites\/32\/2018\/03\/WhatsApp-Image-2018-03-01-at-07.30.55-300x225.jpeg 300w, http:\/\/cnbb.net.br\/wp-content\/uploads\/sites\/32\/2018\/03\/WhatsApp-Image-2018-03-01-at-07.30.55-768x576.jpeg 768w, http:\/\/cnbb.net.br\/wp-content\/uploads\/sites\/32\/2018\/03\/WhatsApp-Image-2018-03-01-at-07.30.55-1024x768.jpeg 1024w, http:\/\/cnbb.net.br\/wp-content\/uploads\/sites\/32\/2018\/03\/WhatsApp-Image-2018-03-01-at-07.30.55.jpeg 1280w\" alt=\"\" width=\"308\" height=\"231\" \/><\/a>O movimento nasceu da uni\u00e3o de agentes da Pastoral Familiar que passaram pelo estresse emocional causado pela dor da separa\u00e7\u00e3o ou pela dor morte e que n\u00e3o sabiam como lidar. Uma das coordenadoras, C\u00e9lia Silva, diz que o grupo nasceu para que os integrantes se ajudassem dede forma reciproca, dividindo experi\u00eancias e viv\u00eancia de f\u00e9.<\/p>\n<blockquote><p><strong>\u201c\u00c9 uma necessidade fazer o acompanhamento dessas pessoas\u201d, explicou o assessor da Comiss\u00e3o, padre Jorge Alves Filho.<\/strong><\/p><\/blockquote>\n<p>A partir dessa reuni\u00e3o, a Comiss\u00e3o, que possui um setor de Casos Especiais da Comiss\u00e3o Nacional da Pastoral Familiar (CNPF), come\u00e7a a trabalhar na realiza\u00e7\u00e3o um Encontro Nacional sobre a tem\u00e1tica e o grupo \u201cFica Conosco Senhor\u201d passa a ter o apoio da CNPF.<\/p>\n<p>Na reuni\u00e3o, estiveram presentes o assessor da Comiss\u00e3o, padre Jorge Alves Filho; o casal coordenador nacional da Pastoral Familiar, Kh\u00e1tia e Luiz Stolf; o casal coordenador do Regional Sul 1, Osmarina e Benedito Antonio Baldon (Toninho); e os assessores eclesi\u00e1sticos dos regionais Sul 1, padre Pedro Lu\u00eds da Silva R\u00fabio, e Sul 3, padre Edson Pereira, este que acompanhar\u00e1 o grupo. Al\u00e9m da C\u00e9lia, \u00c2ngela e Cerci, que j\u00e1 desenvolvem o trabalho em S\u00e3o Paulo.<\/p>\n<p>&nbsp;<\/p>\n<p>Fonte: CNBB<\/p>\n","protected":false},"excerpt":{"rendered":"<p>Cuidar das necessidades espirituais de pessoas que passam pela experi\u00eancia da perda \u2013 vi\u00favas e vi\u00favos, separados e separadas e quem est\u00e1 em luto \u2013 foi tema de uma reuni\u00e3o da Comiss\u00e3o Episcopal Pastoral para a Vida e a Fam\u00edlia da Confer\u00eancia Nacional dos Bispos do Brasil (CNBB) com o grupo \u201cFica Conosco Senhor\u201d (Lc [&hellip;]<\/p>\n","protected":false},"author":1,"featured_media":38647,"comment_status":"open","ping_status":"closed","sticky":false,"template":"","format":"standard","meta":{"footnotes":""},"categories":[13],"tags":[],"class_list":["post-38644","post","type-post","status-publish","format-standard","has-post-thumbnail","hentry","category-featured"],"_links":{"self":[{"href":"https:\/\/catolicanet.net\/wp-cnet\/wp-json\/wp\/v2\/posts\/38644","targetHints":{"allow":["GET"]}}],"collection":[{"href":"https:\/\/catolicanet.net\/wp-cnet\/wp-json\/wp\/v2\/posts"}],"about":[{"href":"https:\/\/catolicanet.net\/wp-cnet\/wp-json\/wp\/v2\/types\/post"}],"author":[{"embeddable":true,"href":"https:\/\/catolicanet.net\/wp-cnet\/wp-json\/wp\/v2\/users\/1"}],"replies":[{"embeddable":true,"href":"https:\/\/catolicanet.net\/wp-cnet\/wp-json\/wp\/v2\/comments?post=38644"}],"version-history":[{"count":1,"href":"https:\/\/catolicanet.net\/wp-cnet\/wp-json\/wp\/v2\/posts\/38644\/revisions"}],"predecessor-version":[{"id":38648,"href":"https:\/\/catolicanet.net\/wp-cnet\/wp-json\/wp\/v2\/posts\/38644\/revisions\/38648"}],"wp:featuredmedia":[{"embeddable":true,"href":"https:\/\/catolicanet.net\/wp-cnet\/wp-json\/wp\/v2\/media\/38647"}],"wp:attachment":[{"href":"https:\/\/catolicanet.net\/wp-cnet\/wp-json\/wp\/v2\/media?parent=38644"}],"wp:term":[{"taxonomy":"category","embeddable":true,"href":"https:\/\/catolicanet.net\/wp-cnet\/wp-json\/wp\/v2\/categories?post=38644"},{"taxonomy":"post_tag","embeddable":true,"href":"https:\/\/catolicanet.net\/wp-cnet\/wp-json\/wp\/v2\/tags?post=38644"}],"curies":[{"name":"wp","href":"https:\/\/api.w.org\/{rel}","templated":true}]}}