{"id":38638,"date":"2018-03-01T17:00:40","date_gmt":"2018-03-01T20:00:40","guid":{"rendered":"http:\/\/catolicanet.net\/wp-cnet\/?p=38638"},"modified":"2018-03-01T17:00:40","modified_gmt":"2018-03-01T20:00:40","slug":"a-luta-de-michael-phelps-contra-os-pensamentos-suicidas","status":"publish","type":"post","link":"https:\/\/catolicanet.net\/wp-cnet\/a-luta-de-michael-phelps-contra-os-pensamentos-suicidas\/","title":{"rendered":"A luta de Michael Phelps contra os pensamentos suicidas"},"content":{"rendered":"<div data-io-article-url=\"https:\/\/pt.aleteia.org\/2018\/03\/01\/a-luta-de-michael-phelps-contra-os-pensamentos-suicidas\/\">\n<h2 class=\"subtitle\">O maior medalhista ol\u00edmpico de todos os tempos conta como conseguiu vencer a depress\u00e3o<\/h2>\n<p>O ex-nadador Michael Phelps \u00e9 o maior medalhista ol\u00edmpico de todos os tempos. Ele conquistou 23 medalhas de ouro, tr\u00eas de prata e duas de bronze. Por isso, para muitos, pode ser uma surpresa o que Phelps revelou: \u201cdepois de cada Olimp\u00edada, acho que eu ca\u00eda em um grande estado de depress\u00e3o \u201c.<\/p>\n<p>Suas lutas contra a depress\u00e3o come\u00e7aram em 2004.\u00a0 O sucesso ap\u00f3s cada Olimp\u00edada era seguido pelo uso de drogas e \u00e1lcool, al\u00e9m de pensamentos suicidas.\u00a0Ele chegou a ficar cinco dias sozinho e sem comer depois de ser flagrado b\u00eabado. Mas foi s\u00f3 depois dos jogos de 2012 que ele se deu conta de que n\u00e3o queria mais viver sozinho e decidiu procurar tratamento. Recentemente, no Brasil, ele afirmou: \u201cEu n\u00e3o queria nem viver o dia seguinte. Eu s\u00f3 me conhecia como nadador, n\u00e3o como pessoa. Ent\u00e3o, tive que aprender mais sobre mim e busquei ajuda\u201d.<\/p>\n<p>O suic\u00eddio \u00e9 a d\u00e9cima causa de morte nos EUA e leva 45 mil vidas por ano. Segundo a Funda\u00e7\u00e3o Americana Para Preven\u00e7\u00e3o ao Suic\u00eddio, para cada morte por suic\u00eddio, h\u00e1 25 tentativas.\u00a0Phelps acha que a grande raz\u00e3o dessas altas taxas \u00e9 o fato de as pessoas terem medo de falar e de se abrir. Mas, para ele, a sensa\u00e7\u00e3o de compartilhar seus sentimentos e experi\u00eancias \u00e9 \u201canos-luz melhor do que ganhar a medalha de ouro ol\u00edmpica\u201d.<\/p>\n<p>O atleta afirma que aprender a discutir suas emo\u00e7\u00f5es foi um passo incrivelmente importante na recupera\u00e7\u00e3o. \u201cSou extremamente agradecido por n\u00e3o ter tirado a minha vida\u201d, disse.<\/p>\n<p>Depois de se aposentar das piscinas, Michael Phelps se tornou palestrante e costuma contar sua hist\u00f3ria de vida para funcion\u00e1rios de empresas. Uma palestra do ex-atleta custa em torno de R$ 1 milh\u00e3o.<\/p>\n<\/div>\n<div class=\"row\">\n<div class=\"col-xs-12 text-center pagination-cont-article\"><\/div>\n<div>Fonte: Aleteia<\/div>\n<\/div>\n","protected":false},"excerpt":{"rendered":"<p>O maior medalhista ol\u00edmpico de todos os tempos conta como conseguiu vencer a depress\u00e3o O ex-nadador Michael Phelps \u00e9 o maior medalhista ol\u00edmpico de todos os tempos. Ele conquistou 23 medalhas de ouro, tr\u00eas de prata e duas de bronze. Por isso, para muitos, pode ser uma surpresa o que Phelps revelou: \u201cdepois de cada [&hellip;]<\/p>\n","protected":false},"author":1,"featured_media":38639,"comment_status":"open","ping_status":"closed","sticky":false,"template":"","format":"standard","meta":{"footnotes":""},"categories":[4],"tags":[],"class_list":["post-38638","post","type-post","status-publish","format-standard","has-post-thumbnail","hentry","category-cotidiano"],"_links":{"self":[{"href":"https:\/\/catolicanet.net\/wp-cnet\/wp-json\/wp\/v2\/posts\/38638","targetHints":{"allow":["GET"]}}],"collection":[{"href":"https:\/\/catolicanet.net\/wp-cnet\/wp-json\/wp\/v2\/posts"}],"about":[{"href":"https:\/\/catolicanet.net\/wp-cnet\/wp-json\/wp\/v2\/types\/post"}],"author":[{"embeddable":true,"href":"https:\/\/catolicanet.net\/wp-cnet\/wp-json\/wp\/v2\/users\/1"}],"replies":[{"embeddable":true,"href":"https:\/\/catolicanet.net\/wp-cnet\/wp-json\/wp\/v2\/comments?post=38638"}],"version-history":[{"count":1,"href":"https:\/\/catolicanet.net\/wp-cnet\/wp-json\/wp\/v2\/posts\/38638\/revisions"}],"predecessor-version":[{"id":38640,"href":"https:\/\/catolicanet.net\/wp-cnet\/wp-json\/wp\/v2\/posts\/38638\/revisions\/38640"}],"wp:featuredmedia":[{"embeddable":true,"href":"https:\/\/catolicanet.net\/wp-cnet\/wp-json\/wp\/v2\/media\/38639"}],"wp:attachment":[{"href":"https:\/\/catolicanet.net\/wp-cnet\/wp-json\/wp\/v2\/media?parent=38638"}],"wp:term":[{"taxonomy":"category","embeddable":true,"href":"https:\/\/catolicanet.net\/wp-cnet\/wp-json\/wp\/v2\/categories?post=38638"},{"taxonomy":"post_tag","embeddable":true,"href":"https:\/\/catolicanet.net\/wp-cnet\/wp-json\/wp\/v2\/tags?post=38638"}],"curies":[{"name":"wp","href":"https:\/\/api.w.org\/{rel}","templated":true}]}}