{"id":38592,"date":"2018-02-28T11:18:25","date_gmt":"2018-02-28T14:18:25","guid":{"rendered":"http:\/\/catolicanet.net\/wp-cnet\/?p=38592"},"modified":"2018-02-28T11:27:30","modified_gmt":"2018-02-28T14:27:30","slug":"comitiva-da-cnbb-vai-ao-estado-de-roraima-conhecer-a-realidade-dos-migrantes-venezuelanos","status":"publish","type":"post","link":"https:\/\/catolicanet.net\/wp-cnet\/comitiva-da-cnbb-vai-ao-estado-de-roraima-conhecer-a-realidade-dos-migrantes-venezuelanos\/","title":{"rendered":"Comitiva da CNBB vai ao estado de Roraima conhecer a realidade dos migrantes venezuelanos"},"content":{"rendered":"<p>De 1\u00ba a 4 de mar\u00e7o, uma comitiva, composta por 19 pessoas, coordenada pela Comiss\u00e3o Episcopal Pastoral Especial para o Enfrentamento ao Tr\u00e1fico Humano da Confer\u00eancia Nacional dos Bispos do Brasil (CNBB) visitar\u00e1 o estado de Roraima, especialmente Boa Vista e Pacaraima, para conhecer de perto a realidade dos migrantes venezuelanos que em fun\u00e7\u00e3o da crise pol\u00edtica e econ\u00f4mica pela qual passa seu pa\u00eds buscam apoio em territ\u00f3rio brasileiro.<\/p>\n<p>A a\u00e7\u00e3o recebeu o nome de \u201cMiss\u00e3o Fronteiras da Venezuela\u201d e tem o objetivo de conhecer a situa\u00e7\u00e3o que envolve a migra\u00e7\u00e3o atual na fronteira entre o Brasil e a Venezuela, em especial para verificar a ocorr\u00eancia do tr\u00e1fico humano e elaborar um documento de an\u00e1lise e proposi\u00e7\u00e3o do que a Igreja pode oferecer, em termos de incid\u00eancia, assist\u00eancia e den\u00fancia.<\/p>\n<p>A miss\u00e3o ser\u00e1 coordenada pelo bispo de Balsas (MA), dom Enem\u00e9sio Lazzaris, presidente da Comiss\u00e3o para o Enfrentamento ao Tr\u00e1fico Humano com o apoio do bispo de Boa Vista (RR), dom M\u00e1rio Ant\u00f4nio da Silva e de organismos e pastorais da Igreja local. Integram a comitiva representantes de nove regionais da CNBB que atuam no enfrentamento ao tr\u00e1fico humano.<\/p>\n<p>Segundo dom M\u00e1rio Ant\u00f4nio, s\u00f3 nos primeiros meses do ano, estima-se que chegaram ao Brasil cerca de 18 mil migrantes venezuelanos. Por dia, segundo o prelado, s\u00e3o cerca de 400 novas pessoas cruzando a fronteira entre os dois pa\u00edses.\u00a0\u201cSabemos que \u00e9 uma realidade delicada, uma situa\u00e7\u00e3o emergente, humanit\u00e1ria e de muita necessidade de acolhida, como nos ensina o papa Francisco. \u00c9 nossa obriga\u00e7\u00e3o estender a m\u00e3o, acolher e fazer aquilo que o Evangelho nos aconselha, como o pr\u00f3prio Jesus nos pediu: \u2018Amar uns aos outros, como Ele nos amou\u2019\u201d, disse.<\/p>\n<div id=\"attachment_165122\" class=\"wp-caption alignright\">\n<p><a href=\"http:\/\/cnbb.net.br\/comitiva-vai-ao-estado-de-roraima-conhecer-a-realidade-dos-migrantes-venezuelanos\/vene2\/\"><img loading=\"lazy\" decoding=\"async\" class=\"wp-image-165122 size-medium\" src=\"http:\/\/cnbb.net.br\/wp-content\/uploads\/sites\/32\/2018\/02\/Vene2-300x231.jpg\" srcset=\"http:\/\/cnbb.net.br\/wp-content\/uploads\/sites\/32\/2018\/02\/Vene2-300x231.jpg 300w, http:\/\/cnbb.net.br\/wp-content\/uploads\/sites\/32\/2018\/02\/Vene2.jpg 475w\" alt=\"\" width=\"300\" height=\"231\" \/><\/a><\/p>\n<p class=\"wp-caption-text\">Refugiados em Roraima: Fotos: Frederico Parra\/AFP e Reuters\/UNODC<\/p>\n<\/div>\n<p><strong>Migra\u00e7\u00e3o e direitos<\/strong> \u2013 O n\u00famero de venezuelanos que solicitaram ref\u00fagio no Brasil vem crescendo vertiginosamente nos \u00faltimos anos. Os dados do Minist\u00e9rio da Justi\u00e7a revelam que at\u00e9 mar\u00e7o de 2017, 8.231 migrantes pediram ref\u00fagio no pa\u00eds. O n\u00famero superou os dados dos seis anos anteriores.<\/p>\n<p>O ref\u00fagio \u00e9 uma prote\u00e7\u00e3o legal para estrangeiros que sofrem persegui\u00e7\u00e3o em seu pa\u00eds de origem por motivo de ra\u00e7a, religi\u00e3o, nacionalidade, grupo social ou opini\u00f5es pol\u00edticas. No caso dos venezuelanos, o n\u00famero aumentou devido os \u00faltimos acontecimentos envolvendo o pa\u00eds, como a crise econ\u00f4mica e pol\u00edtica vivenciadas no atual governo.<\/p>\n<p>Entre as atividades programadas da Miss\u00e3o, est\u00e3o visitas a diferentes abrigos, rodas de conversa com organiza\u00e7\u00f5es locais e da regi\u00e3o da fronteira, visitas \u00e0 Pol\u00edcia Federal, reuni\u00e3o com a ACNUR, OIM e Fundo Internacional das Na\u00e7\u00f5es Unidas para as Popula\u00e7\u00f5es (Pnud), reuni\u00e3o com o governo estadual, entre outros. Esta miss\u00e3o sistematizar\u00e1 um documento de an\u00e1lise e proposi\u00e7\u00f5es para orientar as a\u00e7\u00f5es da Igreja no Brasil.<\/p>\n<p>No primeiro dia da miss\u00e3o, a Comiss\u00e3o para Especial para o Enfrentamento do Tr\u00e1fico Humano, visitar\u00e1 o espa\u00e7o onde \u00e9 servido diariamente o caf\u00e9 da manh\u00e3, conhecido como \u201ccaf\u00e9 fraterno\u201d, com 900 refei\u00e7\u00f5es, oferecidas pela par\u00f3quia Sagrado Cora\u00e7\u00e3o de Jesus,\u00a0 a\u00e7\u00e3o coordenada pelo padre Jesus Lopes Fernandez de Bobadilla. Outra iniciativa da par\u00f3quia, \u00e9 a Casa de Passagem, prestes a ser inaugurada.\u00a0 Em Pacaraima, a\u00a0Comiss\u00e3o visitar\u00e1 abrigos e se encontrar\u00e1 com o bispo de Santa Elena de Uiar\u00e9n (Venezuela), dom Felipe Gonz\u00e1lez.<\/p>\n<p>Foto de capa:<em> Fabio Calilo\/Roraima em tempo<\/em><\/p>\n<p>&nbsp;<\/p>\n<p>Fonte: CNBB<\/p>\n","protected":false},"excerpt":{"rendered":"<p>De 1\u00ba a 4 de mar\u00e7o, uma comitiva, composta por 19 pessoas, coordenada pela Comiss\u00e3o Episcopal Pastoral Especial para o Enfrentamento ao Tr\u00e1fico Humano da Confer\u00eancia Nacional dos Bispos do Brasil (CNBB) visitar\u00e1 o estado de Roraima, especialmente Boa Vista e Pacaraima, para conhecer de perto a realidade dos migrantes venezuelanos que em fun\u00e7\u00e3o da [&hellip;]<\/p>\n","protected":false},"author":1,"featured_media":38596,"comment_status":"open","ping_status":"closed","sticky":false,"template":"","format":"standard","meta":{"footnotes":""},"categories":[7],"tags":[],"class_list":["post-38592","post","type-post","status-publish","format-standard","has-post-thumbnail","hentry","category-cnbb"],"_links":{"self":[{"href":"https:\/\/catolicanet.net\/wp-cnet\/wp-json\/wp\/v2\/posts\/38592","targetHints":{"allow":["GET"]}}],"collection":[{"href":"https:\/\/catolicanet.net\/wp-cnet\/wp-json\/wp\/v2\/posts"}],"about":[{"href":"https:\/\/catolicanet.net\/wp-cnet\/wp-json\/wp\/v2\/types\/post"}],"author":[{"embeddable":true,"href":"https:\/\/catolicanet.net\/wp-cnet\/wp-json\/wp\/v2\/users\/1"}],"replies":[{"embeddable":true,"href":"https:\/\/catolicanet.net\/wp-cnet\/wp-json\/wp\/v2\/comments?post=38592"}],"version-history":[{"count":2,"href":"https:\/\/catolicanet.net\/wp-cnet\/wp-json\/wp\/v2\/posts\/38592\/revisions"}],"predecessor-version":[{"id":38597,"href":"https:\/\/catolicanet.net\/wp-cnet\/wp-json\/wp\/v2\/posts\/38592\/revisions\/38597"}],"wp:featuredmedia":[{"embeddable":true,"href":"https:\/\/catolicanet.net\/wp-cnet\/wp-json\/wp\/v2\/media\/38596"}],"wp:attachment":[{"href":"https:\/\/catolicanet.net\/wp-cnet\/wp-json\/wp\/v2\/media?parent=38592"}],"wp:term":[{"taxonomy":"category","embeddable":true,"href":"https:\/\/catolicanet.net\/wp-cnet\/wp-json\/wp\/v2\/categories?post=38592"},{"taxonomy":"post_tag","embeddable":true,"href":"https:\/\/catolicanet.net\/wp-cnet\/wp-json\/wp\/v2\/tags?post=38592"}],"curies":[{"name":"wp","href":"https:\/\/api.w.org\/{rel}","templated":true}]}}