{"id":3859,"date":"2014-01-08T11:45:47","date_gmt":"2014-01-08T13:45:47","guid":{"rendered":"http:\/\/catolicanet.net\/wp-cnet\/arquidiocese-de-belem-tem-novo-bispo-auxiliar\/"},"modified":"2017-03-24T16:04:29","modified_gmt":"2017-03-24T19:04:29","slug":"arquidiocese-de-belem-tem-novo-bispo-auxiliar","status":"publish","type":"post","link":"https:\/\/catolicanet.net\/wp-cnet\/arquidiocese-de-belem-tem-novo-bispo-auxiliar\/","title":{"rendered":"Arquidiocese de Bel\u00e9m tem novo Bispo Auxiliar"},"content":{"rendered":"<p style=\"text-align: justify;\"><img decoding=\"async\" src=\"http:\/\/www.catolicanet.com.br\/images\/stories\/peirineuroman.jpg\" border=\"0\" align=\"left\" \/>O Papa Francisco nomeou um Bispo Auxiliar para a Arquidiocese de Bel\u00e9m (PA): trata-se do Reverendo Pe. Irineu Roman, C.S.I., at\u00e9 ent\u00e3o Vig\u00e1rio Episcopal da regi\u00e3o \u201cS\u00e3o Jo\u00e3o Batista\u201d e p\u00e1roco da par\u00f3quia \u201cSanta Edwiges\u201d em Bel\u00e9m, conferindo-lhe a sede titular episcopal de Sertei.<\/p>\n<p>Dom Roman nasceu em Vista Alegre do Prata, diocese de Caxias do Sul (RS), em 10 de agosto de 1958. Emitiu a profiss\u00e3o perp\u00e9tua em 2 de janeiro de 1988 na Congrega\u00e7\u00e3o de S\u00e3o Jos\u00e9 (Josefinos de Murialdo) e recebeu a ordena\u00e7\u00e3o sacerdotal em 1\u00b0 de janeiro de 1990.<\/p>\n<p>Estudou Filosofia na Faculdade \u201cImaculada Concei\u00e7\u00e3o\u201d de Viam\u00e3o (1979) e na Universidade de Caxias do Sul (1980). Iniciou o Curso de Teologia no Instituto Teol\u00f3gico do Norte do Paran\u00e1, em Londrina (1984) e o concluiu na Pontif\u00edcia Universidade Cat\u00f3lica de Porto Alegre (1985-1987).<\/p>\n<p>No decorrer do minist\u00e9rio sacerdotal, desempenhou o seguintes cargos: Diretor do Semin\u00e1rio Josefino de Fazenda Souza, em Caxias do Sul (1990-1991); Diretor do Semin\u00e1rio Josefino de Ana Rech, em Caxias do Sul (1992-1994); Vig\u00e1rio Paroquial da Par\u00f3quia \u201cSanta Rita de C\u00e1ssia\u201d em Planaltina, na Arquidiocese de Bras\u00edlia (1995-1998) e Diretor do Semin\u00e1rio para as Voca\u00e7\u00f5es Adultas (1996); Diretor e Ec\u00f4nomo da Comunidade Religiosa de Planaltina (1996-1998); P\u00e1roco da Par\u00f3quia \u201cSanta Edwiges\u201d em Bel\u00e9m, no Par\u00e1 (desde 1999).<\/p>\n<p style=\"text-align: justify;\">\u00a0<\/p>\n<p style=\"text-align: justify;\"><strong>Local: Cidade do Vaticano<br \/>Fonte: R\u00e1dio Vaticano<\/strong><\/p>\n","protected":false},"excerpt":{"rendered":"<p>O Papa Francisco nomeou um Bispo Auxiliar para a Arquidiocese de Bel\u00e9m (PA): trata-se do Reverendo Pe. Irineu Roman, C.S.I., at\u00e9 ent\u00e3o Vig\u00e1rio Episcopal da regi\u00e3o \u201cS\u00e3o Jo\u00e3o Batista\u201d e p\u00e1roco da par\u00f3quia \u201cSanta Edwiges\u201d em Bel\u00e9m, conferindo-lhe a sede titular episcopal de Sertei. Dom Roman nasceu em Vista Alegre do Prata, diocese de Caxias [&hellip;]<\/p>\n","protected":false},"author":1,"featured_media":3858,"comment_status":"closed","ping_status":"closed","sticky":false,"template":"","format":"standard","meta":{"footnotes":""},"categories":[4],"tags":[],"class_list":["post-3859","post","type-post","status-publish","format-standard","has-post-thumbnail","hentry","category-cotidiano"],"_links":{"self":[{"href":"https:\/\/catolicanet.net\/wp-cnet\/wp-json\/wp\/v2\/posts\/3859","targetHints":{"allow":["GET"]}}],"collection":[{"href":"https:\/\/catolicanet.net\/wp-cnet\/wp-json\/wp\/v2\/posts"}],"about":[{"href":"https:\/\/catolicanet.net\/wp-cnet\/wp-json\/wp\/v2\/types\/post"}],"author":[{"embeddable":true,"href":"https:\/\/catolicanet.net\/wp-cnet\/wp-json\/wp\/v2\/users\/1"}],"replies":[{"embeddable":true,"href":"https:\/\/catolicanet.net\/wp-cnet\/wp-json\/wp\/v2\/comments?post=3859"}],"version-history":[{"count":1,"href":"https:\/\/catolicanet.net\/wp-cnet\/wp-json\/wp\/v2\/posts\/3859\/revisions"}],"predecessor-version":[{"id":8102,"href":"https:\/\/catolicanet.net\/wp-cnet\/wp-json\/wp\/v2\/posts\/3859\/revisions\/8102"}],"wp:featuredmedia":[{"embeddable":true,"href":"https:\/\/catolicanet.net\/wp-cnet\/wp-json\/wp\/v2\/media\/3858"}],"wp:attachment":[{"href":"https:\/\/catolicanet.net\/wp-cnet\/wp-json\/wp\/v2\/media?parent=3859"}],"wp:term":[{"taxonomy":"category","embeddable":true,"href":"https:\/\/catolicanet.net\/wp-cnet\/wp-json\/wp\/v2\/categories?post=3859"},{"taxonomy":"post_tag","embeddable":true,"href":"https:\/\/catolicanet.net\/wp-cnet\/wp-json\/wp\/v2\/tags?post=3859"}],"curies":[{"name":"wp","href":"https:\/\/api.w.org\/{rel}","templated":true}]}}