{"id":38573,"date":"2018-02-28T08:43:34","date_gmt":"2018-02-28T11:43:34","guid":{"rendered":"http:\/\/catolicanet.net\/wp-cnet\/?p=38573"},"modified":"2018-02-28T08:43:34","modified_gmt":"2018-02-28T11:43:34","slug":"um-momento-de-grande-transformacao-que-exige-muita-reflexao","status":"publish","type":"post","link":"https:\/\/catolicanet.net\/wp-cnet\/um-momento-de-grande-transformacao-que-exige-muita-reflexao\/","title":{"rendered":"Um momento de grande transforma\u00e7\u00e3o que exige muita reflex\u00e3o"},"content":{"rendered":"<p><a href=\"http:\/\/jornalosp.arquisp.org.br\/colunista\/ana-lydia-sawaya\">Ana Lydia Sawaya<\/a><\/p>\n<div id=\"texto-interna\" class=\"noticias-conteudo-text-container\">\n<div class=\"field field-name-body field-type-text-with-summary field-label-hidden\">\n<div class=\"field-items\">\n<div class=\"field-item even\">\n<p class=\"rtejustify\">Quem negar\u00e1 que o Pa\u00eds est\u00e1 vivendo um momento de grande transforma\u00e7\u00e3o? Mudan\u00e7as radicais na pol\u00edtica, grandes mobiliza\u00e7\u00f5es sociais com milh\u00f5es de pessoas nas ruas, quer para protestar contra um governo, quer para se divertir e pular o carnaval. At\u00e9 o carnaval est\u00e1 mudando! Quem diria: milh\u00f5es de pessoas organizando blocos?<\/p>\n<p class=\"rtejustify\">A vida n\u00e3o \u00e9 mais \u201ca mesma de sempre\u201d e \u00e9 cada vez menos privada ou individual. H\u00e1 um desejo claro, um anseio comum de se encontrar, se comunicar, de lutar ou viver junto com os outros. Imaginar que cada um ia se enfurnar atr\u00e1s do seu computador solitariamente, como muita gente dizia um tempo atr\u00e1s, n\u00e3o representa uma percep\u00e7\u00e3o correta, pois a realidade est\u00e1 indo na dire\u00e7\u00e3o oposta.<\/p>\n<p class=\"rtejustify\">Mas para aonde? Por qu\u00ea? O que estamos buscando? Ainda parece pouco claro. Outra demonstra\u00e7\u00e3o dessa transforma\u00e7\u00e3o em ato \u00e9 que a maioria das pessoas n\u00e3o sabe em quem votar, e n\u00e3o s\u00f3 porque n\u00e3o h\u00e1 mais esquerda ou direita. Tudo parece flu\u00eddo, mas n\u00e3o o desejo das pessoas que cresce e se mobiliza. A cidade tem se tornado cada vez mais um espa\u00e7o p\u00fablico e de conviv\u00eancia.<\/p>\n<p class=\"rtejustify\">A percep\u00e7\u00e3o da import\u00e2ncia da pol\u00edtica cresceu em todas as camadas sociais, assim como o desejo de se divertir, ver ou fazer coisas bonitas, como as belas fantasias de carnaval ou as bandas que tocam m\u00fasica de fim de semana na avenida Paulista. H\u00e1 os excessos, mas estes n\u00e3o parecem ser a regra.<\/p>\n<p class=\"rtejustify\">E a Igreja, como a institui\u00e7\u00e3o mais antiga, com uma hist\u00f3ria milenar, tem algo a dizer para ajudar as pessoas? E Cristo, seu fundador, como est\u00e1 presente? Sabemos que\u00a0Ele n\u00e3o morreu, mas vive conosco para sempre, pois \u00e9 o Deus Emanuel. Mas o que Ele nos diria agora?<\/p>\n<p class=\"rtejustify\">Precisamos de profetas! S\u00e3o eles que ouvem o Senhor e nos comunicam suas palavras. N\u00f3s crist\u00e3os sabemos quem s\u00e3o eles, os santos de cada \u00e9poca que indicam a estrada do novo, como aconteceu com os mosteiros e a reconstru\u00e7\u00e3o da Europa ou as ordens mendicantes e a mudan\u00e7a da sociedade medieval para as cidades.<\/p>\n<p class=\"rtejustify\">Estamos iniciando a Quaresma, e este \u00e9 um momento privilegiado para rezar, ouvir com aten\u00e7\u00e3o o que o \u201cEsp\u00edrito fala \u00e0s Igrejas\u201d, viver a caridade e a aten\u00e7\u00e3o aos outros e ser vigilante e atento no uso das coisas materiais. Esses s\u00e3o instrumentos que a sabedoria da Igreja entrega na m\u00e3o de cada um de n\u00f3s, indicando que cada um tem um cora\u00e7\u00e3o ao qual o Senhor fala. \u00c9 o momento mais prop\u00edcio do ano para que cada um possa dizer em seu cora\u00e7\u00e3o como o profeta ainda menino: \u201cSenhor fala que o teu servo escuta\u201d. E n\u00e3o nos esque\u00e7amos que a Igreja est\u00e1 pedindo que todos reflitamos e nos engajemos at\u00e9 em atividades concretas para fazer frente \u00e0 viol\u00eancia que assola o nosso Pa\u00eds.<\/p>\n<p class=\"rtejustify\">\u201cHoje n\u00e3o fecheis o vosso cora\u00e7\u00e3o, mas ouvi a voz do Senhor\u201d, nos diz a ant\u00edfona de Quaresma. Um momento de grande transforma\u00e7\u00e3o exige muita reflex\u00e3o e escuta!<\/p>\n<p><strong>Ana Lydia Sawaya <\/strong>\u00e9 professora titular de Fisiologia da Unifesp &#8211; campus S\u00e3o Paulo e \u00e9 conselheira do N\u00facleo F\u00e9 e Cultura da PUC-SP<\/p>\n<p class=\"rtejustify\"><em>As opini\u00f5es da se\u00e7\u00e3o \u201cF\u00e9 e Cidadania\u201d s\u00e3o de responsabilidade do autor e n\u00e3o refletem, necessariamente, os posicionamentos editoriais do <strong>O S\u00c3O PAULO<\/strong><\/em><\/p>\n<\/div>\n<p>Fonte: Jornal O S\u00c3O PAULO<\/p>\n<\/div>\n<\/div>\n<\/div>\n","protected":false},"excerpt":{"rendered":"<p>Ana Lydia Sawaya Quem negar\u00e1 que o Pa\u00eds est\u00e1 vivendo um momento de grande transforma\u00e7\u00e3o? Mudan\u00e7as radicais na pol\u00edtica, grandes mobiliza\u00e7\u00f5es sociais com milh\u00f5es de pessoas nas ruas, quer para protestar contra um governo, quer para se divertir e pular o carnaval. At\u00e9 o carnaval est\u00e1 mudando! Quem diria: milh\u00f5es de pessoas organizando blocos? A [&hellip;]<\/p>\n","protected":false},"author":1,"featured_media":38574,"comment_status":"open","ping_status":"closed","sticky":false,"template":"","format":"standard","meta":{"footnotes":""},"categories":[4],"tags":[],"class_list":["post-38573","post","type-post","status-publish","format-standard","has-post-thumbnail","hentry","category-cotidiano"],"_links":{"self":[{"href":"https:\/\/catolicanet.net\/wp-cnet\/wp-json\/wp\/v2\/posts\/38573","targetHints":{"allow":["GET"]}}],"collection":[{"href":"https:\/\/catolicanet.net\/wp-cnet\/wp-json\/wp\/v2\/posts"}],"about":[{"href":"https:\/\/catolicanet.net\/wp-cnet\/wp-json\/wp\/v2\/types\/post"}],"author":[{"embeddable":true,"href":"https:\/\/catolicanet.net\/wp-cnet\/wp-json\/wp\/v2\/users\/1"}],"replies":[{"embeddable":true,"href":"https:\/\/catolicanet.net\/wp-cnet\/wp-json\/wp\/v2\/comments?post=38573"}],"version-history":[{"count":1,"href":"https:\/\/catolicanet.net\/wp-cnet\/wp-json\/wp\/v2\/posts\/38573\/revisions"}],"predecessor-version":[{"id":38575,"href":"https:\/\/catolicanet.net\/wp-cnet\/wp-json\/wp\/v2\/posts\/38573\/revisions\/38575"}],"wp:featuredmedia":[{"embeddable":true,"href":"https:\/\/catolicanet.net\/wp-cnet\/wp-json\/wp\/v2\/media\/38574"}],"wp:attachment":[{"href":"https:\/\/catolicanet.net\/wp-cnet\/wp-json\/wp\/v2\/media?parent=38573"}],"wp:term":[{"taxonomy":"category","embeddable":true,"href":"https:\/\/catolicanet.net\/wp-cnet\/wp-json\/wp\/v2\/categories?post=38573"},{"taxonomy":"post_tag","embeddable":true,"href":"https:\/\/catolicanet.net\/wp-cnet\/wp-json\/wp\/v2\/tags?post=38573"}],"curies":[{"name":"wp","href":"https:\/\/api.w.org\/{rel}","templated":true}]}}