{"id":38568,"date":"2018-02-28T08:34:46","date_gmt":"2018-02-28T11:34:46","guid":{"rendered":"http:\/\/catolicanet.net\/wp-cnet\/?p=38568"},"modified":"2018-02-28T08:36:06","modified_gmt":"2018-02-28T11:36:06","slug":"boas-intencoes-diabolicas","status":"publish","type":"post","link":"https:\/\/catolicanet.net\/wp-cnet\/boas-intencoes-diabolicas\/","title":{"rendered":"Boas inten\u00e7\u00f5es diab\u00f3licas"},"content":{"rendered":"<div id=\"texto-interna\" class=\"noticias-conteudo-text-container\">\n<div class=\"field field-name-body field-type-text-with-summary field-label-hidden\">\n<div class=\"field-items\">\n<div class=\"field-item even\">\n<p><a href=\"http:\/\/jornalosp.arquisp.org.br\/colunista\/francisco-borba-ribeiro-neto\">Francisco Borba Ribeiro Neto<\/a><\/p>\n<p>No mundo todo, inclusive no Brasil, vem ocorrendo um crescente acirramento dos antagonismos. As causas v\u00e3o desde a forma como nos comunicamos nas redes sociais at\u00e9 o desencanto e a inseguran\u00e7a diante das crises atuais e da incapacidade dos pol\u00edticos em oferecer solu\u00e7\u00f5es.<\/p>\n<p>Em nossas redes sociais, vamos nos acostumando a s\u00f3 ouvir ideias semelhantes \u00e0s nossas, a sermos aclamados quando falamos de modo mais agressivo aquilo com que os demais concordam, a rotularmos quem pensa diferente como ing\u00eanuo, ignorante ou mal-intencionado.<\/p>\n<p>Essa din\u00e2mica vem se estabelecendo tamb\u00e9m na comunidade cat\u00f3lica. Vemos cada vez mais os espa\u00e7os eclesiais sendo invadidos por posicionamentos de grupos, de esquerda ou de direita, progressistas ou conservadores. Os \u00e2nimos se inflamam e crist\u00e3os bem-intencionados, escandalizados com o que veem, com a justa inten\u00e7\u00e3o de defender o bem, a verdade e a Igreja, partem tamb\u00e9m para a radicaliza\u00e7\u00e3o e para a agress\u00e3o. Por exemplo, tanto a recente partidariza\u00e7\u00e3o ocorrida no 14\u00ba Intereclesial das CEBs, em Londrina (PR), quanto as rea\u00e7\u00f5es contr\u00e1rias podem tornarse ocasi\u00e3o para a\u00e7\u00f5es bem-intencionadas, mas que s\u00f3 dividem.<\/p>\n<p>Deus \u00e9 aquele que une, e o diabo aquele que divide. Essas boas inten\u00e7\u00f5es, fomentando a divis\u00e3o, servem ao diabo, n\u00e3o a Deus. Do ponto de vista estritamente pol\u00edtico, uma afirma\u00e7\u00e3o contundente, aplaudida por dezenas que j\u00e1 concordavam antes de ouvi-la, mas recha\u00e7ada por todos os demais, vale menos que uma afirma\u00e7\u00e3o conciliadora, que n\u00e3o recebeu palmas de ningu\u00e9m, mas levou algumas pessoas a se questionarem e mudar suas opini\u00f5es \u2013 mesmo que parcialmente. Milit\u00e2ncias comprometidas s\u00e3o necess\u00e1rias, milit\u00e2ncias que n\u00e3o sabem dialogar com o diferente atrapalham.<\/p>\n<p>A maior contribui\u00e7\u00e3o da Igreja na constru\u00e7\u00e3o do bem comum n\u00e3o reside tanto no fato de proclamar a verdade, pois a verdade em rela\u00e7\u00e3o<br \/>\n\u00e0s coisas do mundo j\u00e1 est\u00e1 presente na lei natural, ao alcance de todo ser racional. Sua maior contribui\u00e7\u00e3o est\u00e1 em ajudar as pessoas, pelo amor de Deus e a acolhida da comunidade eclesial, a se converter \u00e0 verdade, superando barreiras pessoais e sociais.<\/p>\n<p>Dizer profundas verdades, mas sendo agressivo, sem ir ao encontro do irm\u00e3o, sem procurar entender suas raz\u00f5es e motiva\u00e7\u00f5es, n\u00e3o ajuda na constru\u00e7\u00e3o da Igreja nem do bem comum. Este era o pecado dos fariseus do tempo de Jesus \u2013 e todos n\u00f3s poderemos nos tornar modernos fariseus, de esquerda ou de direita, progressistas ou conservadores.<\/p>\n<p>Tamb\u00e9m n\u00e3o devemos pecar\u00a0\u00a0por omiss\u00e3o. Mas temos que agir segundo a l\u00f3gica do Evangelho, n\u00e3o segundo a do mundo. Jesus nos ensina a corrigir nosso irm\u00e3o come\u00e7ando pelo di\u00e1logo pessoal, depois procurando os amigos e, por \u00faltimo, indo a p\u00fablico (cf. Mt 18, 15-17). \u00c9 exatamente o contr\u00e1rio da din\u00e2mica das redes sociais, em que vamos logo a p\u00fablico, valendo-nos da for\u00e7a dos argumentos, com pouca aten\u00e7\u00e3o \u00e0 situa\u00e7\u00e3o do irm\u00e3o.<\/p>\n<p>O Papa Francisco, percebendo o crescimento desses antagonismos, h\u00e1 muito vem insistindo no di\u00e1logo. E para dialogarmos, precisamos entender as motiva\u00e7\u00f5es de nosso irm\u00e3o. Alguma raz\u00e3o ele teve para aderir a uma posi\u00e7\u00e3o que nos parece errada. Para convenc\u00ea-lo do erro, precisamos saber quais s\u00e3o suas motiva\u00e7\u00f5es e sermos capazes de explicar como uma posi\u00e7\u00e3o mais adequada responder\u00e1 tamb\u00e9m \u00e0quilo que houver de justo em suas motiva\u00e7\u00f5es.<\/p>\n<p>Haver\u00e1 sempre aqueles que n\u00e3o se deixam convencer, mas nosso objetivo n\u00e3o \u00e9 dobr\u00e1-los, mas sim convencer aqueles de inten\u00e7\u00e3o justa.<\/p>\n<p>Neste ano eleitoral, tanto a partidariza\u00e7\u00e3o quanto o ataque aos partidos ser\u00e3o cada vez mais aguerridos. Para o bem de todos, a comunidade crist\u00e3 deve continuar sendo um espa\u00e7o de encontro, corre\u00e7\u00e3o m\u00fatua e convers\u00e3o.<\/p>\n<p class=\"rtejustify\"><strong>Francisco Borba Ribeiro Neto<\/strong> \u00e9 coordenador do N\u00facleo F\u00e9 e Cultura da PUC-SP<\/p>\n<p class=\"rtejustify\"><em>As opini\u00f5es expressas na se\u00e7\u00e3o \u201cOpini\u00e3o\u201d s\u00e3o de responsabilidade do autor e n\u00e3o refletem, necessariamente, os posicionamentos editorais do jornal <strong>O S\u00c3O PAULO<\/strong>.\u00a0<\/em><\/p>\n<\/div>\n<p>&nbsp;<\/p>\n<p>Fonte: J<em>ornal O S\u00c3O PAULO.<\/em><\/p>\n<\/div>\n<\/div>\n<\/div>\n","protected":false},"excerpt":{"rendered":"<p>Francisco Borba Ribeiro Neto No mundo todo, inclusive no Brasil, vem ocorrendo um crescente acirramento dos antagonismos. As causas v\u00e3o desde a forma como nos comunicamos nas redes sociais at\u00e9 o desencanto e a inseguran\u00e7a diante das crises atuais e da incapacidade dos pol\u00edticos em oferecer solu\u00e7\u00f5es. Em nossas redes sociais, vamos nos acostumando a [&hellip;]<\/p>\n","protected":false},"author":1,"featured_media":38570,"comment_status":"open","ping_status":"closed","sticky":false,"template":"","format":"standard","meta":{"footnotes":""},"categories":[4],"tags":[],"class_list":["post-38568","post","type-post","status-publish","format-standard","has-post-thumbnail","hentry","category-cotidiano"],"_links":{"self":[{"href":"https:\/\/catolicanet.net\/wp-cnet\/wp-json\/wp\/v2\/posts\/38568","targetHints":{"allow":["GET"]}}],"collection":[{"href":"https:\/\/catolicanet.net\/wp-cnet\/wp-json\/wp\/v2\/posts"}],"about":[{"href":"https:\/\/catolicanet.net\/wp-cnet\/wp-json\/wp\/v2\/types\/post"}],"author":[{"embeddable":true,"href":"https:\/\/catolicanet.net\/wp-cnet\/wp-json\/wp\/v2\/users\/1"}],"replies":[{"embeddable":true,"href":"https:\/\/catolicanet.net\/wp-cnet\/wp-json\/wp\/v2\/comments?post=38568"}],"version-history":[{"count":2,"href":"https:\/\/catolicanet.net\/wp-cnet\/wp-json\/wp\/v2\/posts\/38568\/revisions"}],"predecessor-version":[{"id":38572,"href":"https:\/\/catolicanet.net\/wp-cnet\/wp-json\/wp\/v2\/posts\/38568\/revisions\/38572"}],"wp:featuredmedia":[{"embeddable":true,"href":"https:\/\/catolicanet.net\/wp-cnet\/wp-json\/wp\/v2\/media\/38570"}],"wp:attachment":[{"href":"https:\/\/catolicanet.net\/wp-cnet\/wp-json\/wp\/v2\/media?parent=38568"}],"wp:term":[{"taxonomy":"category","embeddable":true,"href":"https:\/\/catolicanet.net\/wp-cnet\/wp-json\/wp\/v2\/categories?post=38568"},{"taxonomy":"post_tag","embeddable":true,"href":"https:\/\/catolicanet.net\/wp-cnet\/wp-json\/wp\/v2\/tags?post=38568"}],"curies":[{"name":"wp","href":"https:\/\/api.w.org\/{rel}","templated":true}]}}