{"id":38414,"date":"2018-02-21T11:28:18","date_gmt":"2018-02-21T14:28:18","guid":{"rendered":"http:\/\/catolicanet.net\/wp-cnet\/?p=38414"},"modified":"2018-02-21T13:04:42","modified_gmt":"2018-02-21T16:04:42","slug":"bergoglio-completa-17-anos-de-cardinalato","status":"publish","type":"post","link":"https:\/\/catolicanet.net\/wp-cnet\/bergoglio-completa-17-anos-de-cardinalato\/","title":{"rendered":"Bergoglio completa 17 anos de cardinalato"},"content":{"rendered":"<div class=\"article__subTitle\">Com Jorge Mario Bergoglio receberam as ins\u00edgnias cardinal\u00edcias das m\u00e3os de S\u00e3o Jo\u00e3o Paulo II os brasileiros Cl\u00e1udio Hummes e Geraldo Majella Agnelo.<\/div>\n<div class=\"title__separator\"><\/div>\n<div class=\"article__text\">\n<p><b>Cidade do Vaticano \u2013<\/b><\/p>\n<p>No dia 21 de fevereiro de 2001, 17 anos atr\u00e1s, o ent\u00e3o Arcebispo de Buenos Aires, Jorge Mario Bergoglio, era criado cardeal por S\u00e3o Jo\u00e3o Paulo II. Naquela ocasi\u00e3o, o Col\u00e9gio Cardinal\u00edcio ganhou 44 novos cardeais, entre os quais os brasileiros Cl\u00e1udio Hummes e Geraldo Majella Agnelo.<\/p>\n<p>\u201cVenerados Irm\u00e3os, voc\u00eas s\u00e3o os primeiros Cardeais criados no novo mil\u00eanio. Depois de ter bebido em abund\u00e2ncia nas fontes da miseric\u00f3rdia divina durante o Ano Santo, a barca m\u00edstica da Igreja prepara-se agora para &#8220;se fazer novamente ao largo&#8221;, para transmitir ao mundo a mensagem da salva\u00e7\u00e3o. Em conjunto, queremos i\u00e7ar as suas velas ao vento do Esp\u00edrito, perscrutando os sinais dos tempos e interpretando-os \u00e0 luz do Evangelho\u201d, disse S\u00e3o Jo\u00e3o Paulo II na homilia da missa.<\/p>\n<p>Os 44 cardeais eram provenientes de vinte e sete pa\u00edses de quatro continentes. \u201cN\u00e3o \u00e9 por acaso tamb\u00e9m este um sinal da capacidade que a Igreja, j\u00e1 presente em todos os recantos do planeta, tem de compreender povos de diferentes tradi\u00e7\u00f5es e linguagens, para transmitir a todos o an\u00fancio de Cristo? N&#8217;Ele, e s\u00f3 n&#8217;Ele, \u00e9 poss\u00edvel encontrar a salva\u00e7\u00e3o\u201d, disse ainda o ent\u00e3o Pont\u00edfice.<\/p>\n<p>Dessa prof\u00e9tica homilia pronunciada em meio \u00e0 diversidade cultural dos novos cardeais subiu ao trono de Pedro o primeiro Papa oriundo da Am\u00e9rica Latina.<\/p>\n<!--[if lt IE 9]><script>document.createElement('audio');<\/script><![endif]-->\n<audio class=\"wp-audio-shortcode\" id=\"audio-38414-1\" preload=\"none\" style=\"width: 100%;\" controls=\"controls\"><source type=\"audio\/mpeg\" src=\"http:\/\/media.vaticannews.va\/media\/audio\/s1\/2018\/2\/21\/10\/134296632_F134296632.mp3?_=1\" \/><a href=\"http:\/\/media.vaticannews.va\/media\/audio\/s1\/2018\/2\/21\/10\/134296632_F134296632.mp3\">http:\/\/media.vaticannews.va\/media\/audio\/s1\/2018\/2\/21\/10\/134296632_F134296632.mp3<\/a><\/audio>\n<\/div>\n<p>Fonte: R\u00e1dio Vaticano<\/p>\n","protected":false},"excerpt":{"rendered":"<p>Com Jorge Mario Bergoglio receberam as ins\u00edgnias cardinal\u00edcias das m\u00e3os de S\u00e3o Jo\u00e3o Paulo II os brasileiros Cl\u00e1udio Hummes e Geraldo Majella Agnelo. Cidade do Vaticano \u2013 No dia 21 de fevereiro de 2001, 17 anos atr\u00e1s, o ent\u00e3o Arcebispo de Buenos Aires, Jorge Mario Bergoglio, era criado cardeal por S\u00e3o Jo\u00e3o Paulo II. Naquela [&hellip;]<\/p>\n","protected":false},"author":1,"featured_media":38415,"comment_status":"open","ping_status":"closed","sticky":false,"template":"","format":"standard","meta":{"footnotes":""},"categories":[3],"tags":[],"class_list":["post-38414","post","type-post","status-publish","format-standard","has-post-thumbnail","hentry","category-vaticano"],"_links":{"self":[{"href":"https:\/\/catolicanet.net\/wp-cnet\/wp-json\/wp\/v2\/posts\/38414","targetHints":{"allow":["GET"]}}],"collection":[{"href":"https:\/\/catolicanet.net\/wp-cnet\/wp-json\/wp\/v2\/posts"}],"about":[{"href":"https:\/\/catolicanet.net\/wp-cnet\/wp-json\/wp\/v2\/types\/post"}],"author":[{"embeddable":true,"href":"https:\/\/catolicanet.net\/wp-cnet\/wp-json\/wp\/v2\/users\/1"}],"replies":[{"embeddable":true,"href":"https:\/\/catolicanet.net\/wp-cnet\/wp-json\/wp\/v2\/comments?post=38414"}],"version-history":[{"count":3,"href":"https:\/\/catolicanet.net\/wp-cnet\/wp-json\/wp\/v2\/posts\/38414\/revisions"}],"predecessor-version":[{"id":38418,"href":"https:\/\/catolicanet.net\/wp-cnet\/wp-json\/wp\/v2\/posts\/38414\/revisions\/38418"}],"wp:featuredmedia":[{"embeddable":true,"href":"https:\/\/catolicanet.net\/wp-cnet\/wp-json\/wp\/v2\/media\/38415"}],"wp:attachment":[{"href":"https:\/\/catolicanet.net\/wp-cnet\/wp-json\/wp\/v2\/media?parent=38414"}],"wp:term":[{"taxonomy":"category","embeddable":true,"href":"https:\/\/catolicanet.net\/wp-cnet\/wp-json\/wp\/v2\/categories?post=38414"},{"taxonomy":"post_tag","embeddable":true,"href":"https:\/\/catolicanet.net\/wp-cnet\/wp-json\/wp\/v2\/tags?post=38414"}],"curies":[{"name":"wp","href":"https:\/\/api.w.org\/{rel}","templated":true}]}}