{"id":3837,"date":"2014-01-07T12:28:40","date_gmt":"2014-01-07T14:28:40","guid":{"rendered":"http:\/\/catolicanet.net\/wp-cnet\/qjustica-e-profecia-a-servico-da-vidaq-comeca-o-intereclesial\/"},"modified":"2017-03-24T16:12:52","modified_gmt":"2017-03-24T19:12:52","slug":"qjustica-e-profecia-a-servico-da-vidaq-comeca-o-intereclesial","status":"publish","type":"post","link":"https:\/\/catolicanet.net\/wp-cnet\/qjustica-e-profecia-a-servico-da-vidaq-comeca-o-intereclesial\/","title":{"rendered":"&#8220;Justi\u00e7a e profecia a servi\u00e7o da vida&#8221;: come\u00e7a o Intereclesial"},"content":{"rendered":"<p style=\"text-align: justify;\"><img decoding=\"async\" src=\"http:\/\/www.catolicanet.com.br\/images\/stories\/justicaeprofeciaaservicodavida.jpg\" border=\"0\" align=\"left\" \/>A terra do Padre C\u00edcero recebe a partir desta ter\u00e7a-feira, 07, o 13\u00ba Intereclesial das Comunidades Eclesiais de Base (CEBs). At\u00e9 11 de janeiro, a cidade de Juazeiro do Norte, no Cear\u00e1, acolher\u00e1 o encontro em que ser\u00e3o compartilhadas experi\u00eancias e reflex\u00f5es das CEBs a partir do tema &#8220;Justi\u00e7a e profecia a servi\u00e7o da vida&#8221; e o lema &#8220;CEBs, romeiras do Reino no campo e na cidade&#8221;.<\/p>\n<p>Comunidades de todo o Brasil far\u00e3o uma verdadeira Romaria rumo \u00e0 Diocese de Crato (CE) para participar do evento, cuja organiza\u00e7\u00e3o teve in\u00edcio em 2010.<\/p>\n<p>As CEBs s\u00e3o caracterizadas pelo carisma da op\u00e7\u00e3o pelos pobres e pela evangeliza\u00e7\u00e3o que denuncia as injusti\u00e7as e enfrenta as desigualdades da sociedade. O Presidente da Comiss\u00e3o Episcopal Pastoral para o Laicato, Dom Severino Clasen, bispo de Ca\u00e7ador (SC), considera o movimento como \u201cespa\u00e7o em que todos os batizados podem externar um jeito de ser Igreja e testemunhar Jesus Cristo na sociedade e na Igreja\u201d.<\/p>\n<p>Para o assessor do setor CEBs, S\u00e9rgio Ricardo Coutinho, \u201cesses dias ser\u00e3o importantes para consolidar e fortalecer a caminhada das CEBs junto \u00e0s tem\u00e1ticas sociais\u201d.<\/p>\n<p>A organiza\u00e7\u00e3o espera a participa\u00e7\u00e3o 4 mil pessoas no encontro que contar\u00e1 com visitas \u00e0s par\u00f3quias e comunidades, testemunhos, celebra\u00e7\u00f5es, oficinas, plen\u00e1rias e eventos art\u00edsticos.<\/p>\n<p style=\"text-align: justify;\">\u00a0<\/p>\n<p style=\"text-align: justify;\"><strong>Local: Crato<br \/>Fonte: R\u00e1dio Vaticano<\/strong><\/p>\n","protected":false},"excerpt":{"rendered":"<p>A terra do Padre C\u00edcero recebe a partir desta ter\u00e7a-feira, 07, o 13\u00ba Intereclesial das Comunidades Eclesiais de Base (CEBs). At\u00e9 11 de janeiro, a cidade de Juazeiro do Norte, no Cear\u00e1, acolher\u00e1 o encontro em que ser\u00e3o compartilhadas experi\u00eancias e reflex\u00f5es das CEBs a partir do tema &#8220;Justi\u00e7a e profecia a servi\u00e7o da vida&#8221; [&hellip;]<\/p>\n","protected":false},"author":1,"featured_media":3836,"comment_status":"closed","ping_status":"closed","sticky":false,"template":"","format":"standard","meta":{"footnotes":""},"categories":[3],"tags":[],"class_list":["post-3837","post","type-post","status-publish","format-standard","has-post-thumbnail","hentry","category-vaticano"],"_links":{"self":[{"href":"https:\/\/catolicanet.net\/wp-cnet\/wp-json\/wp\/v2\/posts\/3837","targetHints":{"allow":["GET"]}}],"collection":[{"href":"https:\/\/catolicanet.net\/wp-cnet\/wp-json\/wp\/v2\/posts"}],"about":[{"href":"https:\/\/catolicanet.net\/wp-cnet\/wp-json\/wp\/v2\/types\/post"}],"author":[{"embeddable":true,"href":"https:\/\/catolicanet.net\/wp-cnet\/wp-json\/wp\/v2\/users\/1"}],"replies":[{"embeddable":true,"href":"https:\/\/catolicanet.net\/wp-cnet\/wp-json\/wp\/v2\/comments?post=3837"}],"version-history":[{"count":1,"href":"https:\/\/catolicanet.net\/wp-cnet\/wp-json\/wp\/v2\/posts\/3837\/revisions"}],"predecessor-version":[{"id":8114,"href":"https:\/\/catolicanet.net\/wp-cnet\/wp-json\/wp\/v2\/posts\/3837\/revisions\/8114"}],"wp:featuredmedia":[{"embeddable":true,"href":"https:\/\/catolicanet.net\/wp-cnet\/wp-json\/wp\/v2\/media\/3836"}],"wp:attachment":[{"href":"https:\/\/catolicanet.net\/wp-cnet\/wp-json\/wp\/v2\/media?parent=3837"}],"wp:term":[{"taxonomy":"category","embeddable":true,"href":"https:\/\/catolicanet.net\/wp-cnet\/wp-json\/wp\/v2\/categories?post=3837"},{"taxonomy":"post_tag","embeddable":true,"href":"https:\/\/catolicanet.net\/wp-cnet\/wp-json\/wp\/v2\/tags?post=3837"}],"curies":[{"name":"wp","href":"https:\/\/api.w.org\/{rel}","templated":true}]}}