{"id":38334,"date":"2018-02-15T11:02:40","date_gmt":"2018-02-15T13:02:40","guid":{"rendered":"http:\/\/catolicanet.net\/wp-cnet\/?p=38334"},"modified":"2018-02-16T13:57:08","modified_gmt":"2018-02-16T15:57:08","slug":"quarta-feira-de-cinzas-convite-a-conversao","status":"publish","type":"post","link":"https:\/\/catolicanet.net\/wp-cnet\/quarta-feira-de-cinzas-convite-a-conversao\/","title":{"rendered":"Quarta-feira de cinzas: convite \u00e0 convers\u00e3o"},"content":{"rendered":"<p>\u201cAs cinzas revelam nossa fragilidade humana, nossa necessidade da miseric\u00f3rdia de Deus e a nossa convers\u00e3o. O convite de hoje &#8211; &#8220;Convertei-vos e crede no Evangelho&#8221; &#8211; quer que direcionemos nossa vida aos ensinamentos de Cristo e, assim, caminhemos com Ele\u201d, destacou o arcebispo de Passo Fundo, dom Rodolfo Lu\u00eds Weber, durante a celebra\u00e7\u00e3o da Quarta-feira de Cinzas, na Catedral Nossa Senhora Aparecida, na noite desta quarta-feira, 14.<\/p>\n<p>Presidida por dom Rodolfo e acompanhada pelos padres Ari Reis, p\u00e1roco da Catedral, Daniel Feltes, reitor do Santu\u00e1rio Nossa Senhora Aparecida, \u00c9berson Fontana, respons\u00e1vel pelo Servi\u00e7o de Anima\u00e7\u00e3o Vocacional, e, tamb\u00e9m, pelo padre Ivanir Rodighero, reitor do Semin\u00e1rio Arquidiocesano, a celebra\u00e7\u00e3o de imposi\u00e7\u00e3o das cinzas envolveu os fi\u00e9is em uma liturgia voltada para a convers\u00e3o \u2013 motiva\u00e7\u00e3o da Quaresma, tempo que se inicia nesta quarta-feira \u2013 e, ainda, para a reflex\u00e3o da Campanha da Fraternidade. Com o tema \u201cFraternidade e supera\u00e7\u00e3o da viol\u00eancia\u201d, a CF 2018 tem o objetivo de, atrav\u00e9s da reflex\u00e3o, construir a fraternidade, promovendo a cultura da paz e, al\u00e9m de mapear a viol\u00eancia, busca, especialmente, colocar em evid\u00eancia as iniciativas que existem para superar os atos violentos e ainda, despertar novas propostas com esse objetivo.<\/p>\n<p><strong>Sinal de convers\u00e3o <\/strong><\/p>\n<p>Em sua homilia, dom Rodolfo refor\u00e7ou o sentido da Quaresma, a import\u00e2ncia da data de hoje na Igreja e o significado da imposi\u00e7\u00e3o das cinzas. \u201cO convite de crer no Evangelho \u00e9 se engajar na proposta de Cristo que nos mostra qual o foco correto. Cristo \u00e9 o referencial m\u00e1ximo e absoluto\u201d, enfatizou. \u201c\u00c9 importante fazermos a nossa revis\u00e3o de vida e pensarmos como vivemos e qual o nosso jeito de resolver nossos problemas e como \u00e9 a nossa presen\u00e7a junto \u00e0s pessoas. \u00c9 um tempo especial que vai nos fazer bem, bem \u00e0 comunidade e a toda sociedade\u201d, concluiu.<\/p>\n<p>&nbsp;<\/p>\n<p><strong>Papa Francisco: Quaresma \u00e9 tempo de reflex\u00e3o<\/strong><\/p>\n<p>Durante a celebra\u00e7\u00e3o presidida pelo papa Francisco, na Bas\u00edlica de Santa Sabina, em Roma, o pont\u00edfice destacou que a Quaresma \u00e9 momento de reflex\u00e3o e convers\u00e3o. \u201cO tempo de Quaresma \u00e9 prop\u00edcio para corrigir os acordes dissonantes da nossa vida crist\u00e3 e acolher a not\u00edcia sempre nova, feliz e esperan\u00e7osa da P\u00e1scoa do Senhor\u201d, colocou e acrescentou, ainda, que \u00e9 momento de se voltar para Deus. \u201cQuaresma \u00e9 tempo precioso para desmascarar as tenta\u00e7\u00f5es e deixar que o nosso cora\u00e7\u00e3o volte a bater segundo as palpita\u00e7\u00f5es do cora\u00e7\u00e3o de Jesus.\u00a0Toda esta liturgia est\u00e1 impregnada por este sentir, podendo-se afirmar que o mesmo ecoa em tr\u00eas palavras que nos s\u00e3o oferecidas para \u2018aquecer o cora\u00e7\u00e3o fiel\u2019:\u00a0para, olha\u00a0e\u00a0regressa\u201d, complementou.<\/p>\n<p>&nbsp;<\/p>\n","protected":false},"excerpt":{"rendered":"<p>\u201cAs cinzas revelam nossa fragilidade humana, nossa necessidade da miseric\u00f3rdia de Deus e a nossa convers\u00e3o. O convite de hoje &#8211; &#8220;Convertei-vos e crede no Evangelho&#8221; &#8211; quer que direcionemos nossa vida aos ensinamentos de Cristo e, assim, caminhemos com Ele\u201d, destacou o arcebispo de Passo Fundo, dom Rodolfo Lu\u00eds Weber, durante a celebra\u00e7\u00e3o da [&hellip;]<\/p>\n","protected":false},"author":18,"featured_media":32780,"comment_status":"open","ping_status":"closed","sticky":false,"template":"","format":"standard","meta":{"footnotes":""},"categories":[9],"tags":[],"class_list":["post-38334","post","type-post","status-publish","format-standard","has-post-thumbnail","hentry","category-artigos"],"_links":{"self":[{"href":"https:\/\/catolicanet.net\/wp-cnet\/wp-json\/wp\/v2\/posts\/38334","targetHints":{"allow":["GET"]}}],"collection":[{"href":"https:\/\/catolicanet.net\/wp-cnet\/wp-json\/wp\/v2\/posts"}],"about":[{"href":"https:\/\/catolicanet.net\/wp-cnet\/wp-json\/wp\/v2\/types\/post"}],"author":[{"embeddable":true,"href":"https:\/\/catolicanet.net\/wp-cnet\/wp-json\/wp\/v2\/users\/18"}],"replies":[{"embeddable":true,"href":"https:\/\/catolicanet.net\/wp-cnet\/wp-json\/wp\/v2\/comments?post=38334"}],"version-history":[{"count":1,"href":"https:\/\/catolicanet.net\/wp-cnet\/wp-json\/wp\/v2\/posts\/38334\/revisions"}],"predecessor-version":[{"id":38335,"href":"https:\/\/catolicanet.net\/wp-cnet\/wp-json\/wp\/v2\/posts\/38334\/revisions\/38335"}],"wp:featuredmedia":[{"embeddable":true,"href":"https:\/\/catolicanet.net\/wp-cnet\/wp-json\/wp\/v2\/media\/32780"}],"wp:attachment":[{"href":"https:\/\/catolicanet.net\/wp-cnet\/wp-json\/wp\/v2\/media?parent=38334"}],"wp:term":[{"taxonomy":"category","embeddable":true,"href":"https:\/\/catolicanet.net\/wp-cnet\/wp-json\/wp\/v2\/categories?post=38334"},{"taxonomy":"post_tag","embeddable":true,"href":"https:\/\/catolicanet.net\/wp-cnet\/wp-json\/wp\/v2\/tags?post=38334"}],"curies":[{"name":"wp","href":"https:\/\/api.w.org\/{rel}","templated":true}]}}