{"id":38319,"date":"2018-02-14T15:35:04","date_gmt":"2018-02-14T17:35:04","guid":{"rendered":"http:\/\/catolicanet.net\/wp-cnet\/?p=38319"},"modified":"2018-02-16T10:39:39","modified_gmt":"2018-02-16T12:39:39","slug":"voltados-ao-misterio","status":"publish","type":"post","link":"https:\/\/catolicanet.net\/wp-cnet\/voltados-ao-misterio\/","title":{"rendered":"Voltados ao mist\u00e9rio"},"content":{"rendered":"<p>Jesus, depois de ser batizado por Jo\u00e3o Batista no Rio Jord\u00e3o, retirou-se para o deserto da Judeia e, durante 40 dias, jejuou, a fim de preparar-se para a miss\u00e3o de anunciar o reino de Deus. Conv\u00e9m aqui recordar Mois\u00e9s, que jejuou por 40 dias no Horeb, o monte de Deus. J\u00e1 o profeta Elias caminhou por 40 dias, at\u00e9 chegar \u00e0 montanha de Deus. Somos a Igreja de Deus em busca do referido monte, vivendo, em cada ano, o esp\u00edrito da Campanha da Fraternidade, que em 2018 est\u00e1 com o tema: &#8220;Fraternidade e Supera\u00e7\u00e3o da Viol\u00eancia&#8221;. Que esta campanha conven\u00e7a e abra a mente e o cora\u00e7\u00e3o dos seguidores de Jesus de Nazar\u00e9, a viver a vida de filhos de Deus e irm\u00e3os uns dos outros.<\/p>\n<p>Alimentados e envolvidos pelo Senhor Jesus, que o sagrado tempo da Quaresma seja de b\u00ean\u00e7\u00e3os e gra\u00e7as, no peregrinar do nosso deserto do dia a dia, rumo \u00e0 montanha sagrada. Gravemos na mente e no cora\u00e7\u00e3o a sua extraordin\u00e1ria for\u00e7a simb\u00f3lica, como um tempo favor\u00e1vel na caminhada do povo de Deus. Quaresma, na verdade, expressa um tempo santo e aben\u00e7oado (dias, noites e anos), em que Deus quer se revelar e se manifestar em toda a sua plenitude, e quer uma \u00fanica coisa dos crist\u00e3os: a convers\u00e3o, a come\u00e7ar pelo interior do cora\u00e7\u00e3o.<\/p>\n<p>Na certeza de que Deus quer nossa convers\u00e3o interior, respondamos, n\u00e3o s\u00f3 com s\u00faplicas e louvores, mas, sobretudo, com o cora\u00e7\u00e3o aberto aos sinais de Deus. \u00c9 pelo essencial, invis\u00edvel aos nossos olhos, que somos chamados a um profundo mergulho no mist\u00e9rio de Deus, neste tempo precioso da Quaresma. Voltemo-nos ao mist\u00e9rio invis\u00edvel, como nas palavras de Dom Helder C\u00e2mara: &#8220;Que eu aprenda afinal, com a paix\u00e3o de Nosso Senhor Jesus Cristo, a cobrir de v\u00e9us o acidental e ef\u00eamero, deixando em primeiro plano apenas o Mist\u00e9rio da Reden\u00e7\u00e3o\u201d. Assim seja!<\/p>\n","protected":false},"excerpt":{"rendered":"<p>Jesus, depois de ser batizado por Jo\u00e3o Batista no Rio Jord\u00e3o, retirou-se para o deserto da Judeia e, durante 40 dias, jejuou, a fim de preparar-se para a miss\u00e3o de anunciar o reino de Deus. Conv\u00e9m aqui recordar Mois\u00e9s, que jejuou por 40 dias no Horeb, o monte de Deus. J\u00e1 o profeta Elias caminhou [&hellip;]<\/p>\n","protected":false},"author":6,"featured_media":32779,"comment_status":"open","ping_status":"closed","sticky":false,"template":"","format":"standard","meta":{"footnotes":""},"categories":[9],"tags":[],"class_list":["post-38319","post","type-post","status-publish","format-standard","has-post-thumbnail","hentry","category-artigos"],"_links":{"self":[{"href":"https:\/\/catolicanet.net\/wp-cnet\/wp-json\/wp\/v2\/posts\/38319","targetHints":{"allow":["GET"]}}],"collection":[{"href":"https:\/\/catolicanet.net\/wp-cnet\/wp-json\/wp\/v2\/posts"}],"about":[{"href":"https:\/\/catolicanet.net\/wp-cnet\/wp-json\/wp\/v2\/types\/post"}],"author":[{"embeddable":true,"href":"https:\/\/catolicanet.net\/wp-cnet\/wp-json\/wp\/v2\/users\/6"}],"replies":[{"embeddable":true,"href":"https:\/\/catolicanet.net\/wp-cnet\/wp-json\/wp\/v2\/comments?post=38319"}],"version-history":[{"count":1,"href":"https:\/\/catolicanet.net\/wp-cnet\/wp-json\/wp\/v2\/posts\/38319\/revisions"}],"predecessor-version":[{"id":38329,"href":"https:\/\/catolicanet.net\/wp-cnet\/wp-json\/wp\/v2\/posts\/38319\/revisions\/38329"}],"wp:featuredmedia":[{"embeddable":true,"href":"https:\/\/catolicanet.net\/wp-cnet\/wp-json\/wp\/v2\/media\/32779"}],"wp:attachment":[{"href":"https:\/\/catolicanet.net\/wp-cnet\/wp-json\/wp\/v2\/media?parent=38319"}],"wp:term":[{"taxonomy":"category","embeddable":true,"href":"https:\/\/catolicanet.net\/wp-cnet\/wp-json\/wp\/v2\/categories?post=38319"},{"taxonomy":"post_tag","embeddable":true,"href":"https:\/\/catolicanet.net\/wp-cnet\/wp-json\/wp\/v2\/tags?post=38319"}],"curies":[{"name":"wp","href":"https:\/\/api.w.org\/{rel}","templated":true}]}}