{"id":38271,"date":"2018-02-15T15:08:54","date_gmt":"2018-02-15T17:08:54","guid":{"rendered":"http:\/\/catolicanet.net\/wp-cnet\/?p=38271"},"modified":"2018-02-15T15:22:49","modified_gmt":"2018-02-15T17:22:49","slug":"arquidiocese-de-vitoria-celebra-jubileu-de-60-anos-de-elevacao","status":"publish","type":"post","link":"https:\/\/catolicanet.net\/wp-cnet\/arquidiocese-de-vitoria-celebra-jubileu-de-60-anos-de-elevacao\/","title":{"rendered":"Arquidiocese de Vit\u00f3ria celebra jubileu de 60 anos de eleva\u00e7\u00e3o"},"content":{"rendered":"<p>O ano de 2018 marca as seis d\u00e9cadas de eleva\u00e7\u00e3o da ent\u00e3o diocese de Vit\u00f3ria (ES) a arquidiocese metropolitana. A partir do dia 22 de fevereiro t\u00eam in\u00edcio as comemora\u00e7\u00f5es da festa jubilar, que seguem at\u00e9 a festa de Nossa Senhora da Vit\u00f3ria, em 8 de setembro, quando ser\u00e1 realizado o Congresso Eucar\u00edstico Arquidiocesano.<\/p>\n<p>A eleva\u00e7\u00e3o aconteceu em 1958, por meio da Bula \u201cCum Territorium\u201d do Papa Pio XII e originou a cria\u00e7\u00e3o das dioceses de Cachoeiro de Itapemirim (ES) e S\u00e3o Mateus (ES).<\/p>\n<p><a href=\"http:\/\/www.cnbbleste2.org.br\/index.php?pagina=grupo_noticia&amp;tela=10&amp;vw=2224\">Leia a not\u00edcia completa.<\/a><\/p>\n<p>&nbsp;<\/p>\n<p>Fonte: CNBB<\/p>\n","protected":false},"excerpt":{"rendered":"<p>O ano de 2018 marca as seis d\u00e9cadas de eleva\u00e7\u00e3o da ent\u00e3o diocese de Vit\u00f3ria (ES) a arquidiocese metropolitana. A partir do dia 22 de fevereiro t\u00eam in\u00edcio as comemora\u00e7\u00f5es da festa jubilar, que seguem at\u00e9 a festa de Nossa Senhora da Vit\u00f3ria, em 8 de setembro, quando ser\u00e1 realizado o Congresso Eucar\u00edstico Arquidiocesano. A [&hellip;]<\/p>\n","protected":false},"author":1,"featured_media":38272,"comment_status":"open","ping_status":"closed","sticky":false,"template":"","format":"standard","meta":{"footnotes":""},"categories":[7],"tags":[],"class_list":["post-38271","post","type-post","status-publish","format-standard","has-post-thumbnail","hentry","category-cnbb"],"_links":{"self":[{"href":"https:\/\/catolicanet.net\/wp-cnet\/wp-json\/wp\/v2\/posts\/38271","targetHints":{"allow":["GET"]}}],"collection":[{"href":"https:\/\/catolicanet.net\/wp-cnet\/wp-json\/wp\/v2\/posts"}],"about":[{"href":"https:\/\/catolicanet.net\/wp-cnet\/wp-json\/wp\/v2\/types\/post"}],"author":[{"embeddable":true,"href":"https:\/\/catolicanet.net\/wp-cnet\/wp-json\/wp\/v2\/users\/1"}],"replies":[{"embeddable":true,"href":"https:\/\/catolicanet.net\/wp-cnet\/wp-json\/wp\/v2\/comments?post=38271"}],"version-history":[{"count":1,"href":"https:\/\/catolicanet.net\/wp-cnet\/wp-json\/wp\/v2\/posts\/38271\/revisions"}],"predecessor-version":[{"id":38280,"href":"https:\/\/catolicanet.net\/wp-cnet\/wp-json\/wp\/v2\/posts\/38271\/revisions\/38280"}],"wp:featuredmedia":[{"embeddable":true,"href":"https:\/\/catolicanet.net\/wp-cnet\/wp-json\/wp\/v2\/media\/38272"}],"wp:attachment":[{"href":"https:\/\/catolicanet.net\/wp-cnet\/wp-json\/wp\/v2\/media?parent=38271"}],"wp:term":[{"taxonomy":"category","embeddable":true,"href":"https:\/\/catolicanet.net\/wp-cnet\/wp-json\/wp\/v2\/categories?post=38271"},{"taxonomy":"post_tag","embeddable":true,"href":"https:\/\/catolicanet.net\/wp-cnet\/wp-json\/wp\/v2\/tags?post=38271"}],"curies":[{"name":"wp","href":"https:\/\/api.w.org\/{rel}","templated":true}]}}