{"id":38239,"date":"2018-02-15T16:21:29","date_gmt":"2018-02-15T18:21:29","guid":{"rendered":"http:\/\/catolicanet.net\/wp-cnet\/?p=38239"},"modified":"2018-02-15T16:21:29","modified_gmt":"2018-02-15T18:21:29","slug":"dom-leonardo-a-cf-e-oportunidade-para-lembrar-que-nao-somos-adversarios-mas-irmaos","status":"publish","type":"post","link":"https:\/\/catolicanet.net\/wp-cnet\/dom-leonardo-a-cf-e-oportunidade-para-lembrar-que-nao-somos-adversarios-mas-irmaos\/","title":{"rendered":"Dom Leonardo: \u201cA CF \u00e9 oportunidade para lembrar que n\u00e3o somos advers\u00e1rios, mas irm\u00e3os\u201d."},"content":{"rendered":"<p>Nat\u00e1lia Lambert e Leonardo Cavalcanti publicaram entrevista no Jornal Correio Braziliense realizada com dom Leonardo Steiner, secret\u00e1rio-geral da CNBB sobre o tema da Campanha da Fraternidade. Reproduzimos a Entrevista.<\/p>\n<p><strong>Por que a escolha do tema viol\u00eancia? Que tipo de viol\u00eancia a campanha pretende enfrentar?<\/strong><br \/>\n<em>A Campanha da Fraternidade, realizada pela CNBB desde os anos de 1960, j\u00e1 tratou da viol\u00eancia tanto de maneira direta e expl\u00edcita como apontando a presen\u00e7a dela em v\u00e1rios outros temas. Este ano, a realidade a ser refletida e rezada n\u00e3o \u00e9 exatamente a viol\u00eancia, mas a supera\u00e7\u00e3o dela. A viol\u00eancia \u00e9 palp\u00e1vel e sofremos o impacto da mesma. O importante \u00e9 buscar como Igreja, sociedade, comunidade, caminhos de rela\u00e7\u00f5es mais fraternas. A campanha prop\u00f5e refletir e agir para superar qualquer tipo de viol\u00eancia. Partimos da constata\u00e7\u00e3o de que h\u00e1 m\u00faltiplas formas de viol\u00eancia e podemos super\u00e1-la com a participa\u00e7\u00e3o de todos, construindo a fraternidade por meio da promo\u00e7\u00e3o de uma cultura da paz, de reconcilia\u00e7\u00e3o e de justi\u00e7a.<\/em><\/p>\n<p><strong>A viol\u00eancia nas redes sociais tamb\u00e9m ser\u00e1 abordada?<\/strong><br \/>\n<em>A CNBB preparou um vasto estudo sobre a viol\u00eancia e os caminhos que podemos trilhar para super\u00e1-la. O principal resultado desse estudo \u00e9 um texto-base no qual se encontra uma boa s\u00edntese do que pretendemos refletir durante a Quaresma. A viol\u00eancia nas redes sociais, especialmente na polariza\u00e7\u00e3o pol\u00edtica, reflete a cultura da viol\u00eancia em geral. O texto-base afirma: \u201cConsiderando que o poder midi\u00e1tico influencia na forma\u00e7\u00e3o de opini\u00e3o e no comportamento das pessoas, precisamos estimular a cultura da toler\u00e2ncia, do respeito e da paz em nossa pr\u00e1tica cotidiana e nas redes sociais. Por esta raz\u00e3o, ao fazer uso das redes sociais com postagens e mensagens que contribuam com o crescimento das pessoas e da sociedade, bem como n\u00e3o alimentar ou reencaminhar v\u00eddeos ou mensagens que estimulem o \u00f3dio, estaremos diminuindo a viol\u00eancia midi\u00e1tica\u201d.<\/em><\/p>\n<p><strong>Como a Igreja pode contribuir no combate \u00e0 viol\u00eancia?<\/strong><br \/>\n<em>O agir \u00e9 uma consequ\u00eancia da nossa f\u00e9. Para combater, \u00e9 preciso n\u00e3o somente fazer grandes coisas, mas agir no cotidiano, como diz o Papa Francisco: \u201cTodos desejamos a paz, muitas pessoas a constroem todos os dias com pequenos gestos; muitos sofrem e suportam pacientemente a dificuldade de tantas tentativas para a construir\u201d. A complexa realidade da viol\u00eancia no Brasil pede uma diversidade de iniciativas para a supera\u00e7\u00e3o. N\u00e3o h\u00e1 uma f\u00f3rmula pronta. Refletir, discutir e rezar \u00e9 o primeiro passo. Outros passos s\u00e3o: propor a \u00e9tica como medida das rela\u00e7\u00f5es sociais; exigir uma seguran\u00e7a p\u00fablica para todos, questionando o investimento que se faz na prepara\u00e7\u00e3o das pessoas; manifestar descontentamento com a corrup\u00e7\u00e3o, que \u00e9 uma das viol\u00eancias que deterioram as rela\u00e7\u00f5es pol\u00edticas e sociais. Cada um de n\u00f3s \u00e9 convocado a mudar, de algum modo, nos ambientes que vivemos e com as pessoas com as quais dividimos nosso destino social.<\/em><\/p>\n<p><strong>Os jovens s\u00e3o as principais v\u00edtimas da viol\u00eancia. Como alcan\u00e7ar esse p\u00fablico?<\/strong><br \/>\n<em>Papa Francisco convocou uma S\u00ednodo sobre os jovens com a tem\u00e1tica voltada para a juventude no mundo inteiro. Por isso, nossos jovens t\u00eam procurado refletir sobre a situa\u00e7\u00e3o de viol\u00eancia que eles enfrentam todos os dias. No \u00e2mbito da campanha, procuramos apresentar pistas de a\u00e7\u00e3o bem concretas para estimular a participa\u00e7\u00e3o dos jovens nos conselhos municipais e estaduais da juventude nos quais poder\u00e3o dar ideias, elaborar e acompanhar a execu\u00e7\u00e3o de pol\u00edticas p\u00fablicas. Al\u00e9m disso, toda a comunidade \u00e9 chamada a dar aten\u00e7\u00e3o e acompanhar, com seriedade, os jovens usu\u00e1rios de drogas para ajud\u00e1-los no duro caminho de volta \u00e0 sa\u00fade plena e, al\u00e9m disso, denunciar a rede do narcotr\u00e1fico.<\/em><\/p>\n<p><strong>Qual a opini\u00e3o da Igreja sobre a viol\u00eancia nos pres\u00eddios?<\/strong><br \/>\n<em>Na elabora\u00e7\u00e3o dos subs\u00eddios, buscamos incluir a gritante situa\u00e7\u00e3o do sistema carcer\u00e1rio, especialmente o aumento da viol\u00eancia nos ambientes prisionais promovido por disputas de fac\u00e7\u00f5es criminosas. S\u00e3o mais de 650 mil presos, vivendo em condi\u00e7\u00f5es degradantes. Em vez de praticar os ideais de recupera\u00e7\u00e3o e reintegra\u00e7\u00e3o das pessoas, as pris\u00f5es transformam-se em dep\u00f3sitos de supostos \u201cmaus elementos\u201d a serem reprimidos e, se poss\u00edvel, esquecidos pela sociedade. De dentro das pris\u00f5es, presos gerenciam organiza\u00e7\u00f5es criminosas que controlam parte da criminalidade violenta dentro e fora das pris\u00f5es. A CNBB mant\u00e9m sua solicitude para com essa realidade por meio do cuidado constante da Pastoral Carcer\u00e1ria. \u00c9 urgente discutir com a sociedade o nosso sistema prisional, o modo e os motivos do encarceramento e os tr\u00e2mites da justi\u00e7a em rela\u00e7\u00e3o aos presos.<\/em><\/p>\n<p><em>\u00a0<\/em><\/p>\n<p>Fonte: CNBB<\/p>\n","protected":false},"excerpt":{"rendered":"<p>Nat\u00e1lia Lambert e Leonardo Cavalcanti publicaram entrevista no Jornal Correio Braziliense realizada com dom Leonardo Steiner, secret\u00e1rio-geral da CNBB sobre o tema da Campanha da Fraternidade. Reproduzimos a Entrevista. Por que a escolha do tema viol\u00eancia? Que tipo de viol\u00eancia a campanha pretende enfrentar? A Campanha da Fraternidade, realizada pela CNBB desde os anos de [&hellip;]<\/p>\n","protected":false},"author":1,"featured_media":38264,"comment_status":"open","ping_status":"closed","sticky":false,"template":"","format":"standard","meta":{"footnotes":""},"categories":[7],"tags":[],"class_list":["post-38239","post","type-post","status-publish","format-standard","has-post-thumbnail","hentry","category-cnbb"],"_links":{"self":[{"href":"https:\/\/catolicanet.net\/wp-cnet\/wp-json\/wp\/v2\/posts\/38239","targetHints":{"allow":["GET"]}}],"collection":[{"href":"https:\/\/catolicanet.net\/wp-cnet\/wp-json\/wp\/v2\/posts"}],"about":[{"href":"https:\/\/catolicanet.net\/wp-cnet\/wp-json\/wp\/v2\/types\/post"}],"author":[{"embeddable":true,"href":"https:\/\/catolicanet.net\/wp-cnet\/wp-json\/wp\/v2\/users\/1"}],"replies":[{"embeddable":true,"href":"https:\/\/catolicanet.net\/wp-cnet\/wp-json\/wp\/v2\/comments?post=38239"}],"version-history":[{"count":1,"href":"https:\/\/catolicanet.net\/wp-cnet\/wp-json\/wp\/v2\/posts\/38239\/revisions"}],"predecessor-version":[{"id":38296,"href":"https:\/\/catolicanet.net\/wp-cnet\/wp-json\/wp\/v2\/posts\/38239\/revisions\/38296"}],"wp:featuredmedia":[{"embeddable":true,"href":"https:\/\/catolicanet.net\/wp-cnet\/wp-json\/wp\/v2\/media\/38264"}],"wp:attachment":[{"href":"https:\/\/catolicanet.net\/wp-cnet\/wp-json\/wp\/v2\/media?parent=38239"}],"wp:term":[{"taxonomy":"category","embeddable":true,"href":"https:\/\/catolicanet.net\/wp-cnet\/wp-json\/wp\/v2\/categories?post=38239"},{"taxonomy":"post_tag","embeddable":true,"href":"https:\/\/catolicanet.net\/wp-cnet\/wp-json\/wp\/v2\/tags?post=38239"}],"curies":[{"name":"wp","href":"https:\/\/api.w.org\/{rel}","templated":true}]}}