{"id":3821,"date":"2014-01-01T03:00:00","date_gmt":"2014-01-01T05:00:00","guid":{"rendered":"http:\/\/catolicanet.net\/wp-cnet\/pensamento-do-dia-19\/"},"modified":"2017-03-24T15:01:13","modified_gmt":"2017-03-24T18:01:13","slug":"pensamento-do-dia-19","status":"publish","type":"post","link":"https:\/\/catolicanet.net\/wp-cnet\/pensamento-do-dia-19\/","title":{"rendered":"Pensamento do dia"},"content":{"rendered":"<p style=\"text-align: center;\"><img decoding=\"async\" src=\"http:\/\/www.catolicanet.com.br\/images\/stories\/passaroaosol.jpg\" border=\"0\" \/><\/p>\n<p style=\"text-align: center;\"><strong>\u201cBendito quem inventou o belo truque do calend\u00e1rio, <br \/>pois o bom da segunda-feira, <br \/>do dia 1\u00ba do m\u00eas e de cada ano <br \/>novo \u00e9 que nos d\u00e3o a impress\u00e3o <br \/>de que a vida n\u00e3o continua, <br \/>mas apenas recome\u00e7a&#8230;\u201d<br \/>(Mario Quintana)<\/strong><\/p>\n<p style=\"text-align: center;\">\u00a0<\/p>\n<p style=\"text-align: center;\">\u00a0<\/p>\n<p style=\"text-align: left;\"><strong>Local: S\u00e3o Paulo (SP)<br \/>Fonte: CatolicaNet<br \/><\/strong><\/p>\n","protected":false},"excerpt":{"rendered":"<p>\u201cBendito quem inventou o belo truque do calend\u00e1rio, pois o bom da segunda-feira, do dia 1\u00ba do m\u00eas e de cada ano novo \u00e9 que nos d\u00e3o a impress\u00e3o de que a vida n\u00e3o continua, mas apenas recome\u00e7a&#8230;\u201d(Mario Quintana) \u00a0 \u00a0 Local: S\u00e3o Paulo (SP)Fonte: CatolicaNet<\/p>\n","protected":false},"author":1,"featured_media":3820,"comment_status":"closed","ping_status":"closed","sticky":false,"template":"","format":"standard","meta":{"footnotes":""},"categories":[4],"tags":[],"class_list":["post-3821","post","type-post","status-publish","format-standard","has-post-thumbnail","hentry","category-cotidiano"],"_links":{"self":[{"href":"https:\/\/catolicanet.net\/wp-cnet\/wp-json\/wp\/v2\/posts\/3821","targetHints":{"allow":["GET"]}}],"collection":[{"href":"https:\/\/catolicanet.net\/wp-cnet\/wp-json\/wp\/v2\/posts"}],"about":[{"href":"https:\/\/catolicanet.net\/wp-cnet\/wp-json\/wp\/v2\/types\/post"}],"author":[{"embeddable":true,"href":"https:\/\/catolicanet.net\/wp-cnet\/wp-json\/wp\/v2\/users\/1"}],"replies":[{"embeddable":true,"href":"https:\/\/catolicanet.net\/wp-cnet\/wp-json\/wp\/v2\/comments?post=3821"}],"version-history":[{"count":1,"href":"https:\/\/catolicanet.net\/wp-cnet\/wp-json\/wp\/v2\/posts\/3821\/revisions"}],"predecessor-version":[{"id":8046,"href":"https:\/\/catolicanet.net\/wp-cnet\/wp-json\/wp\/v2\/posts\/3821\/revisions\/8046"}],"wp:featuredmedia":[{"embeddable":true,"href":"https:\/\/catolicanet.net\/wp-cnet\/wp-json\/wp\/v2\/media\/3820"}],"wp:attachment":[{"href":"https:\/\/catolicanet.net\/wp-cnet\/wp-json\/wp\/v2\/media?parent=3821"}],"wp:term":[{"taxonomy":"category","embeddable":true,"href":"https:\/\/catolicanet.net\/wp-cnet\/wp-json\/wp\/v2\/categories?post=3821"},{"taxonomy":"post_tag","embeddable":true,"href":"https:\/\/catolicanet.net\/wp-cnet\/wp-json\/wp\/v2\/tags?post=3821"}],"curies":[{"name":"wp","href":"https:\/\/api.w.org\/{rel}","templated":true}]}}