{"id":3817,"date":"2014-01-06T13:24:43","date_gmt":"2014-01-06T15:24:43","guid":{"rendered":"http:\/\/catolicanet.net\/wp-cnet\/santuario-de-porto-alegre-e-declarado-monumento-arquitetonico\/"},"modified":"2017-03-24T15:45:53","modified_gmt":"2017-03-24T18:45:53","slug":"santuario-de-porto-alegre-e-declarado-monumento-arquitetonico","status":"publish","type":"post","link":"https:\/\/catolicanet.net\/wp-cnet\/santuario-de-porto-alegre-e-declarado-monumento-arquitetonico\/","title":{"rendered":"Santu\u00e1rio de Porto Alegre \u00e9 declarado monumento arquitet\u00f4nico"},"content":{"rendered":"<p style=\"text-align: justify;\"><img decoding=\"async\" src=\"http:\/\/www.catolicanet.com.br\/images\/stories\/santuriomededeus.jpg\" border=\"0\" align=\"left\" \/>Com obra finalizada em junho de 2000, o Santu\u00e1rio Arquidiocesano Nossa Senhora Madre de Deus de Porto Alegre (RS) foi constru\u00eddo por iniciativa do ent\u00e3o arcebispo, dom Jo\u00e3o Cl\u00e1udio Colling. A inaugura\u00e7\u00e3o aconteceu durante as comemora\u00e7\u00f5es do terceiro mil\u00eanio.<\/p>\n<p>Por se tratar de um dos pontos tur\u00edsticos mais conhecido da cidade, o templo foi declarado Monumento Arquitet\u00f4nico e Religioso da capital ga\u00facha, no dia 1\u00ba de janeiro, durante a 26\u00aa edi\u00e7\u00e3o da Romaria da M\u00e3e de Deus. O ato ocorreu ap\u00f3s sans\u00e3o da lei municipal 11.532 de 1\u00ba\/01\/14, pelo prefeito em exerc\u00edcio, Sebasti\u00e3o Melo<\/p>\n<p>Para o arcebispo, dom Jaime Spengler, o Santu\u00e1rio Arquidiocesano \u00e9 o local onde os fieis encontram o apoio para a viv\u00eancia crist\u00e3. \u201cQuando dizemos: \u2018Rainha da Paz, roga por n\u00f3s! M\u00e3e de Deus, roga por n\u00f3s!\u2019, que fa\u00e7amos o prop\u00f3sito de sermos homens e mulheres que se dedicam a conhecer sempre mais a Palavra Sagrada e que abra\u00e7am a causa da solidariedade\u201d, disse.<\/p>\n<p>De acordo com o reitor do Santu\u00e1rio, o mission\u00e1rio redentorista, padre Jos\u00e9 Ribeiro Novais, a declara\u00e7\u00e3o do templo em monumento da cidade \u00e9 uma solicita\u00e7\u00e3o antiga da Igreja. \u201cPela f\u00e9, persist\u00eancia e esperan\u00e7a, conseguimos este fato hist\u00f3rico\u201d, explicou.<\/p>\n<p style=\"text-align: justify;\"><strong>Local: Bras\u00edlia (DF)<br \/>Fonte: CNBB<\/strong><\/p>\n<p style=\"text-align: justify;\">\u00a0<\/p>\n","protected":false},"excerpt":{"rendered":"<p>Com obra finalizada em junho de 2000, o Santu\u00e1rio Arquidiocesano Nossa Senhora Madre de Deus de Porto Alegre (RS) foi constru\u00eddo por iniciativa do ent\u00e3o arcebispo, dom Jo\u00e3o Cl\u00e1udio Colling. A inaugura\u00e7\u00e3o aconteceu durante as comemora\u00e7\u00f5es do terceiro mil\u00eanio. Por se tratar de um dos pontos tur\u00edsticos mais conhecido da cidade, o templo foi declarado [&hellip;]<\/p>\n","protected":false},"author":1,"featured_media":3816,"comment_status":"closed","ping_status":"closed","sticky":false,"template":"","format":"standard","meta":{"footnotes":""},"categories":[7],"tags":[],"class_list":["post-3817","post","type-post","status-publish","format-standard","has-post-thumbnail","hentry","category-cnbb"],"_links":{"self":[{"href":"https:\/\/catolicanet.net\/wp-cnet\/wp-json\/wp\/v2\/posts\/3817","targetHints":{"allow":["GET"]}}],"collection":[{"href":"https:\/\/catolicanet.net\/wp-cnet\/wp-json\/wp\/v2\/posts"}],"about":[{"href":"https:\/\/catolicanet.net\/wp-cnet\/wp-json\/wp\/v2\/types\/post"}],"author":[{"embeddable":true,"href":"https:\/\/catolicanet.net\/wp-cnet\/wp-json\/wp\/v2\/users\/1"}],"replies":[{"embeddable":true,"href":"https:\/\/catolicanet.net\/wp-cnet\/wp-json\/wp\/v2\/comments?post=3817"}],"version-history":[{"count":1,"href":"https:\/\/catolicanet.net\/wp-cnet\/wp-json\/wp\/v2\/posts\/3817\/revisions"}],"predecessor-version":[{"id":8085,"href":"https:\/\/catolicanet.net\/wp-cnet\/wp-json\/wp\/v2\/posts\/3817\/revisions\/8085"}],"wp:featuredmedia":[{"embeddable":true,"href":"https:\/\/catolicanet.net\/wp-cnet\/wp-json\/wp\/v2\/media\/3816"}],"wp:attachment":[{"href":"https:\/\/catolicanet.net\/wp-cnet\/wp-json\/wp\/v2\/media?parent=3817"}],"wp:term":[{"taxonomy":"category","embeddable":true,"href":"https:\/\/catolicanet.net\/wp-cnet\/wp-json\/wp\/v2\/categories?post=3817"},{"taxonomy":"post_tag","embeddable":true,"href":"https:\/\/catolicanet.net\/wp-cnet\/wp-json\/wp\/v2\/tags?post=3817"}],"curies":[{"name":"wp","href":"https:\/\/api.w.org\/{rel}","templated":true}]}}