{"id":38166,"date":"2018-02-11T08:34:26","date_gmt":"2018-02-11T10:34:26","guid":{"rendered":"http:\/\/catolicanet.net\/wp-cnet\/?p=38166"},"modified":"2018-02-16T16:54:34","modified_gmt":"2018-02-16T18:54:34","slug":"a-ternura-para-com-os-doentes","status":"publish","type":"post","link":"https:\/\/catolicanet.net\/wp-cnet\/a-ternura-para-com-os-doentes\/","title":{"rendered":"A ternura para com os doentes!"},"content":{"rendered":"<p>A Igreja Cat\u00f3lica celebra em todo dia 11 de fevereiro o dia mundial do enfermo. J\u00e1 \u00e9 tradi\u00e7\u00e3o recebermos a mensagem dos Romanos Pont\u00edfices para esta data. O Dia Mundial do Enfermo foi criado em 11 de fevereiro de 1992, por iniciativa do Papa S\u00e3o Jo\u00e3o Paulo II. Para a celebra\u00e7\u00e3o da data este ano, o Papa Francisco escolheu as palavras de Jesus, elevado na cruz, que se dirige \u00e0 sua m\u00e3e e a Jo\u00e3o, dizendo: \u201cEis o seu filho! (\u2026) Eis a sua m\u00e3e!\u201d (Jo 19, 26-27).\u00a0S\u00e3o Palavras que deram origem \u00e0 voca\u00e7\u00e3o materna de Maria em rela\u00e7\u00e3o a toda a humanidade, explica Francisco na mensagem.<\/p>\n<p>O Papa fala do sofrimento humano e do papel de Nossa Senhora: \u201cO sofrimento indescrit\u00edvel da cruz trespassa a alma de Maria (cf. Lc 2, 35), mas n\u00e3o a paralisa. Pelo contr\u00e1rio, l\u00e1 come\u00e7a para Ela um novo caminho de doa\u00e7\u00e3o, como M\u00e3e do Senhor. Na cruz, Jesus preocupa-Se com a Igreja e toda a humanidade, e Maria \u00e9 chamada a partilhar esta mesma preocupa\u00e7\u00e3o. Os Atos dos Ap\u00f3stolos, ao descrever a grande efus\u00e3o do Esp\u00edrito Santo no Pentecostes, mostram-nos que Maria come\u00e7ou a desempenhar a sua tarefa na primeira comunidade da Igreja. Uma tarefa que n\u00e3o mais ter\u00e1 fim\u201d. <a href=\"http:\/\/www.vaticannews.va\/pt\/papa\/news\/2018-02\/dia-mundial-do-enfermo.html\">http:\/\/www.vaticannews.va\/pt\/papa\/news\/2018-02\/dia-mundial-do-enfermo.html<\/a>, \u00faltimo acesso em 10 de fevereiro de 2018.<\/p>\n<p>Ao falar do poder que Jesus deixou para a Igreja de curar o Papa Francisco ressalta que: \u201cJesus deixou, como dom \u00e0 Igreja, o seu poder de curar: \u00abEstes sinais acompanhar\u00e3o aqueles que acreditarem: (&#8230;) h\u00e3o de impor as m\u00e3os aos doentes e eles ficar\u00e3o curados\u00bb (Mc 16, 17.18). Nos Atos dos Ap\u00f3stolos, lemos a descri\u00e7\u00e3o das curas realizadas por Pedro (cf. At 3, 4-8) e por Paulo (cf. At 14, 8-11). Ao dom de Jesus corresponde o dever da Igreja, bem ciente de que deve pousar, sobre os doentes, o mesmo olhar rico de ternura e compaix\u00e3o do seu Senhor. A pastoral da sa\u00fade permanece e sempre permanecer\u00e1 um dever necess\u00e1rio e essencial, que se h\u00e1 de viver com um \u00edmpeto renovado come\u00e7ando pelas comunidades paroquiais at\u00e9 aos centros de tratamento de excel\u00eancia. N\u00e3o podemos esquecer aqui a ternura e a perseveran\u00e7a com que muitas fam\u00edlias acompanham os seus filhos, pais e parentes, doentes cr\u00f3nicos ou gravemente incapacitados. Os cuidados prestados em fam\u00edlia s\u00e3o um testemunho extraordin\u00e1rio de amor pela pessoa humana e devem ser apoiados com o reconhecimento devido e pol\u00edticas adequadas. Portanto, m\u00e9dicos e enfermeiros, sacerdotes, consagrados e volunt\u00e1rios, familiares e todos aqueles que se empenham no cuidado dos doentes, participam nesta miss\u00e3o eclesial. \u00c9 uma responsabilidade compartilhada, que enriquece o valor do servi\u00e7o di\u00e1rio de cada um.\u201d<\/p>\n<p>O Papa Francisco, na sua solicitude para com os doentes e para com todos os profissionais que trabalham no campo da sa\u00fade, como hospitais, UPAS, postos de sa\u00fade, casas de sa\u00fade e casas de repouso, reside na centralidade de afirmar que a \u201cIgreja \u00e9 um hospital de campanha\u201d. Diz o Papa que: \u201cA imagem da Igreja como \u2018hospital de campo\u2019, acolhedora de todos os que s\u00e3o feridos pela vida, \u00e9 uma realidade muito concreta, porque, nalgumas partes do mundo, os hospitais dos mission\u00e1rios e das dioceses s\u00e3o os \u00fanicos que fornecem os cuidados necess\u00e1rios \u00e0 popula\u00e7\u00e3o\u201d.<\/p>\n<p>Dirigindo-se aos operadores do mundo da sa\u00fade o Papa Francisco exorta que: \u201cPortanto, m\u00e9dicos e enfermeiros, sacerdotes, consagrados e volunt\u00e1rios, familiares e todos aqueles que se empenham no cuidado dos doentes, participam nesta miss\u00e3o eclesial. \u00c9 uma responsabilidade compartilhada, que enriquece o valor do servi\u00e7o di\u00e1rio de cada um\u201d. Junto destes profissionais devemos fomentar uma pastoral da sa\u00fade efetiva como necess\u00e1rio e essencial e recorda a ternura e perseveran\u00e7a de tantas fam\u00edlias ao acompanhar seus doentes. Segundo o Papa, os cuidados por parte da fam\u00edlia s\u00e3o testemunho de amor pela pessoa humana e devem ser apoiados.<\/p>\n<p>Quero unir-me a todos os que est\u00e3o doentes, implorando a Materna Prote\u00e7\u00e3o de Nossa Senhora de Lourdes pela plena recupera\u00e7\u00e3o dos doentes. Cumprimento todos os m\u00e9dicos e profissionais da sa\u00fade, como os administradores hospitalares, os enfermeiros e aqueles que acompanham os doentes e todos tenham a minha proximidade espiritual. Nossa Senhora de Lourdes aben\u00e7oe a todos os doentes.<\/p>\n","protected":false},"excerpt":{"rendered":"<p>A Igreja Cat\u00f3lica celebra em todo dia 11 de fevereiro o dia mundial do enfermo. J\u00e1 \u00e9 tradi\u00e7\u00e3o recebermos a mensagem dos Romanos Pont\u00edfices para esta data. O Dia Mundial do Enfermo foi criado em 11 de fevereiro de 1992, por iniciativa do Papa S\u00e3o Jo\u00e3o Paulo II. Para a celebra\u00e7\u00e3o da data este ano, [&hellip;]<\/p>\n","protected":false},"author":10,"featured_media":32785,"comment_status":"open","ping_status":"closed","sticky":false,"template":"","format":"standard","meta":{"footnotes":""},"categories":[9],"tags":[],"class_list":["post-38166","post","type-post","status-publish","format-standard","has-post-thumbnail","hentry","category-artigos"],"_links":{"self":[{"href":"https:\/\/catolicanet.net\/wp-cnet\/wp-json\/wp\/v2\/posts\/38166","targetHints":{"allow":["GET"]}}],"collection":[{"href":"https:\/\/catolicanet.net\/wp-cnet\/wp-json\/wp\/v2\/posts"}],"about":[{"href":"https:\/\/catolicanet.net\/wp-cnet\/wp-json\/wp\/v2\/types\/post"}],"author":[{"embeddable":true,"href":"https:\/\/catolicanet.net\/wp-cnet\/wp-json\/wp\/v2\/users\/10"}],"replies":[{"embeddable":true,"href":"https:\/\/catolicanet.net\/wp-cnet\/wp-json\/wp\/v2\/comments?post=38166"}],"version-history":[{"count":1,"href":"https:\/\/catolicanet.net\/wp-cnet\/wp-json\/wp\/v2\/posts\/38166\/revisions"}],"predecessor-version":[{"id":38167,"href":"https:\/\/catolicanet.net\/wp-cnet\/wp-json\/wp\/v2\/posts\/38166\/revisions\/38167"}],"wp:featuredmedia":[{"embeddable":true,"href":"https:\/\/catolicanet.net\/wp-cnet\/wp-json\/wp\/v2\/media\/32785"}],"wp:attachment":[{"href":"https:\/\/catolicanet.net\/wp-cnet\/wp-json\/wp\/v2\/media?parent=38166"}],"wp:term":[{"taxonomy":"category","embeddable":true,"href":"https:\/\/catolicanet.net\/wp-cnet\/wp-json\/wp\/v2\/categories?post=38166"},{"taxonomy":"post_tag","embeddable":true,"href":"https:\/\/catolicanet.net\/wp-cnet\/wp-json\/wp\/v2\/tags?post=38166"}],"curies":[{"name":"wp","href":"https:\/\/api.w.org\/{rel}","templated":true}]}}