{"id":38153,"date":"2018-02-09T16:27:12","date_gmt":"2018-02-09T18:27:12","guid":{"rendered":"http:\/\/catolicanet.net\/wp-cnet\/?p=38153"},"modified":"2018-02-09T16:27:12","modified_gmt":"2018-02-09T18:27:12","slug":"cf-2018-sem-justica-social-nao-havera-superacao-da-violencia","status":"publish","type":"post","link":"https:\/\/catolicanet.net\/wp-cnet\/cf-2018-sem-justica-social-nao-havera-superacao-da-violencia\/","title":{"rendered":"CF 2018: Sem justi\u00e7a social n\u00e3o haver\u00e1 supera\u00e7\u00e3o da viol\u00eancia"},"content":{"rendered":"<p>A Campanha da Fraternidade 2018 ser\u00e1 aberta na pr\u00f3xima quarta-feira, 14, com a proposta de construir a fraternidade, promovendo a cultura da paz, da reconcilia\u00e7\u00e3o e da justi\u00e7a, \u00e0 luz da Palavra de Deus, como caminho de supera\u00e7\u00e3o da viol\u00eancia. Este caminho de convers\u00e3o quaresmal, em vista de uma cultura da paz, exige o enfrentamento da realidade de exclus\u00e3o. \u00c9 o que aponta o secret\u00e1rio executivo de Campanhas da Confer\u00eancia Nacional dos Bispos do Brasil (CNBB), padre Lu\u00eds Fernando da Silva. Em entrevista, ele ressalta que \u201csem a justi\u00e7a social n\u00e3o haver\u00e1 supera\u00e7\u00e3o da viol\u00eancia\u201d.<\/p>\n<p><strong>Qual \u00e9 o grande convite da CF 2018 para os crist\u00e3os?<\/strong><br \/>\nA viol\u00eancia \u00e9 o n\u00e3o reconhecimento do outro, \u00e9 coisificar a pessoa humana e toda vez que a pessoa humana \u00e9 coisificada tamb\u00e9m \u00e9 manipulada, se exerce for\u00e7a e brutalidade para com ela. O grande objetivo da Igreja com a Campanha da Fraternidade 2018 \u00e9: construir a fraternidade, promovendo a cultura da paz, da reconcilia\u00e7\u00e3o e da justi\u00e7a, \u00e0 luz da Palavra de Deus, como caminho de supera\u00e7\u00e3o da viol\u00eancia.<\/p>\n<p><strong>Quais s\u00e3o os caminhos de supera\u00e7\u00e3o da viol\u00eancia?<\/strong><br \/>\nNessa Campanha ouvimos um tr\u00edplice chamado de Jesus. O primeiro chamado \u00e9 o da valoriza\u00e7\u00e3o da vida. A vida \u00e9 dom divino, portanto precisa ser respeitada do seu in\u00edcio ao seu fim natural. O segundo chamado \u00e9 o da fraternidade, essa Campanha quer recordar que somos irm\u00e3os e irm\u00e3s filhos do mesmo Pai do c\u00e9u, o grande sonho do Pai \u00e9 que seus filhos vivam em paz e em harmonia. Por fim, o terceiro chamado \u00e9 ao profetismo. Por causa da dimens\u00e3o prof\u00e9tica, recebida no batismo, n\u00f3s lutamos pela preserva\u00e7\u00e3o e garantia dos direitos elementares do ser humano.<\/p>\n<div id=\"attachment_164291\" class=\"wp-caption alignright\"><a href=\"http:\/\/cnbb.net.br\/?attachment_id=164291\"><img loading=\"lazy\" decoding=\"async\" class=\"wp-image-164291 size-medium\" src=\"http:\/\/cnbb.net.br\/wp-content\/uploads\/sites\/32\/2018\/02\/Padre-Lu%C3%ADs-Fernando-CF-300x200.jpg\" srcset=\"http:\/\/cnbb.net.br\/wp-content\/uploads\/sites\/32\/2018\/02\/Padre-Lu\u00eds-Fernando-CF-300x200.jpg 300w, http:\/\/cnbb.net.br\/wp-content\/uploads\/sites\/32\/2018\/02\/Padre-Lu\u00eds-Fernando-CF-768x512.jpg 768w, http:\/\/cnbb.net.br\/wp-content\/uploads\/sites\/32\/2018\/02\/Padre-Lu\u00eds-Fernando-CF.jpg 840w\" alt=\"\" width=\"300\" height=\"200\" \/><\/a><\/p>\n<p class=\"wp-caption-text\"><em>Foto: CNBB\/Luiz Lopes Jr. | Padre Lu\u00eds Fernando da Silva<\/em><\/p>\n<\/div>\n<p>A supera\u00e7\u00e3o da viol\u00eancia, condi\u00e7\u00e3o para uma sociedade e cultura da paz, exige comprometimento e a\u00e7\u00f5es envolvendo a sociedade civil organizada, a Igreja e os poderes constitu\u00eddos para a formula\u00e7\u00e3o de pol\u00edticas p\u00fablicas emancipat\u00f3rias que assegurem a vida e o direito das pessoas em uma sociedade e cultura de Paz.<\/p>\n<p>A n\u00e3o consolida\u00e7\u00e3o dessas necessidades b\u00e1sicas \u00e9 uma das principais causas da viol\u00eancia f\u00edsica, psicol\u00f3gica e social na sociedade brasileira. Portanto, superar a viol\u00eancia em vista de uma cultura da paz, exige o enfrentamento dessa realidade, pois sem a justi\u00e7a social n\u00e3o haver\u00e1 supera\u00e7\u00e3o da viol\u00eancia.<\/p>\n<p><strong>Como relacionar a viv\u00eancia da CF e a quaresma?<\/strong><br \/>\nA Campanha da Fraternidade nasceu como um apelo de convers\u00e3o comunit\u00e1ria e social, para ser vivido no Tempo da Quaresma, tempo prop\u00edcio para essa realidade. Contudo hoje fica muito claro que a reflex\u00e3o da Campanha da Fraternidade ultrapassa o tempo da Quaresma. Em muitos lugares do Brasil, a Campanha \u00e9 trabalhada durante todo o ano. Em alguns lugares a reflex\u00e3o de alguns temas dura muito mais que um ano. Por exemplo, outro dia encontrei-me com um grupo que se re\u00fane todos os meses para discutir a CF de 2004. Com isso vamos percebendo que o papel da CNBB \u00e9 muito mais que lan\u00e7ar a semente. A semente lan\u00e7ada segue florescendo e dando frutos de acordo com cada realidade.<\/p>\n<p>&nbsp;<\/p>\n<p><a href=\"http:\/\/cnbb.net.br\/category\/campanhas\/fraternidade\/\">Acompanhe as not\u00edcias sobre a Campanha da Fraternidade<\/a><\/p>\n<p><a href=\"http:\/\/materiais.edicoescnbb.com.br\/cartaz_campanha_da_fraternidade_2018\">Fa\u00e7a o download gratuito do cartaz da CF\u00a0<\/a><\/p>\n<p><a href=\"http:\/\/materiais.edicoescnbb.com.br\/cifras-da-campanha-da-fraternidade-2018\">Baixe as cifras e partituras do Hino da CF e das m\u00fasicas para a Quaresma<\/a><\/p>\n","protected":false},"excerpt":{"rendered":"<p>A Campanha da Fraternidade 2018 ser\u00e1 aberta na pr\u00f3xima quarta-feira, 14, com a proposta de construir a fraternidade, promovendo a cultura da paz, da reconcilia\u00e7\u00e3o e da justi\u00e7a, \u00e0 luz da Palavra de Deus, como caminho de supera\u00e7\u00e3o da viol\u00eancia. Este caminho de convers\u00e3o quaresmal, em vista de uma cultura da paz, exige o enfrentamento [&hellip;]<\/p>\n","protected":false},"author":1,"featured_media":38154,"comment_status":"open","ping_status":"closed","sticky":false,"template":"","format":"standard","meta":{"footnotes":""},"categories":[7],"tags":[],"class_list":["post-38153","post","type-post","status-publish","format-standard","has-post-thumbnail","hentry","category-cnbb"],"_links":{"self":[{"href":"https:\/\/catolicanet.net\/wp-cnet\/wp-json\/wp\/v2\/posts\/38153","targetHints":{"allow":["GET"]}}],"collection":[{"href":"https:\/\/catolicanet.net\/wp-cnet\/wp-json\/wp\/v2\/posts"}],"about":[{"href":"https:\/\/catolicanet.net\/wp-cnet\/wp-json\/wp\/v2\/types\/post"}],"author":[{"embeddable":true,"href":"https:\/\/catolicanet.net\/wp-cnet\/wp-json\/wp\/v2\/users\/1"}],"replies":[{"embeddable":true,"href":"https:\/\/catolicanet.net\/wp-cnet\/wp-json\/wp\/v2\/comments?post=38153"}],"version-history":[{"count":1,"href":"https:\/\/catolicanet.net\/wp-cnet\/wp-json\/wp\/v2\/posts\/38153\/revisions"}],"predecessor-version":[{"id":38156,"href":"https:\/\/catolicanet.net\/wp-cnet\/wp-json\/wp\/v2\/posts\/38153\/revisions\/38156"}],"wp:featuredmedia":[{"embeddable":true,"href":"https:\/\/catolicanet.net\/wp-cnet\/wp-json\/wp\/v2\/media\/38154"}],"wp:attachment":[{"href":"https:\/\/catolicanet.net\/wp-cnet\/wp-json\/wp\/v2\/media?parent=38153"}],"wp:term":[{"taxonomy":"category","embeddable":true,"href":"https:\/\/catolicanet.net\/wp-cnet\/wp-json\/wp\/v2\/categories?post=38153"},{"taxonomy":"post_tag","embeddable":true,"href":"https:\/\/catolicanet.net\/wp-cnet\/wp-json\/wp\/v2\/tags?post=38153"}],"curies":[{"name":"wp","href":"https:\/\/api.w.org\/{rel}","templated":true}]}}