{"id":38126,"date":"2018-02-09T15:04:17","date_gmt":"2018-02-09T17:04:17","guid":{"rendered":"http:\/\/catolicanet.net\/wp-cnet\/?p=38126"},"modified":"2018-02-09T15:27:41","modified_gmt":"2018-02-09T17:27:41","slug":"trafico-humano-causa-vergonha-e-escandalo-afirma-o-papa","status":"publish","type":"post","link":"https:\/\/catolicanet.net\/wp-cnet\/trafico-humano-causa-vergonha-e-escandalo-afirma-o-papa\/","title":{"rendered":"Tr\u00e1fico humano causa vergonha e esc\u00e2ndalo, afirma o Papa"},"content":{"rendered":"<div class=\"article__subTitle\">Francisco recebeu os membros do &#8220;Grupo Santa Marta&#8221;, que se reuniram no Vaticano para ampliar pr\u00e1ticas de combate ao tr\u00e1fico humano.<\/div>\n<div class=\"title__separator\"><\/div>\n<div class=\"article__text\">\n<p><b>Cidade do Vaticano \u2013<\/b><\/p>\n<p>O Papa concluiu sua s\u00e9rie de audi\u00eancias esta sexta-feira (09\/02) recebendo os membros do \u201cGrupo Santa Marta\u201d, reunidos no Vaticano para o primeiro encontro de 2018.<\/p>\n<p>O Grupo Santa Marta foi criado pelo Papa Francisco em 2015, com a finalidade de reunir especialistas em diversas \u00e1reas para combater o tr\u00e1fico humano. Integram o Grupo respons\u00e1veis pela seguran\u00e7a, pol\u00edticas p\u00fablicas e assist\u00eancia pastoral e \u00e9 liderado pelo arcebispo de Westminster e presidente da Confer\u00eancia Episcopal da Inglaterra e Gales, cardeal Vicent Nichols<\/p>\n<p>De fato, disso o Papa em seu discurso, a variedade de proveni\u00eancia dos membros do Grupo garantem uma contribui\u00e7\u00e3o essencial para enfrentar as causas e os efeitos deste flagelo moderno, que continua causando indiz\u00edveis sofrimentos humanos.<\/p>\n<div>\n<div class=\"article__embed article__embed--border embed_style\">\n<blockquote><p>\u201c \u00c9 minha esperan\u00e7a que essas jornadas de reflex\u00e3o e de interc\u00e2mbio tenham evidenciado a intera\u00e7\u00e3o das problem\u00e1ticas globais e locais do tr\u00e1fico de pessoas. A experi\u00eancia mostra que essas modernas formas de escravid\u00e3o s\u00e3o bem mais difusas do que se possa imaginar, at\u00e9 mesmo \u2013 para nossa vergonha e esc\u00e2ndalo \u2013 dentro das mais pr\u00f3speras sociedades. \u201d<\/p><\/blockquote>\n<\/div>\n<\/div>\n<p>Para Francisco, o grito de Deus a Caim \u2013 \u201cOnde est\u00e1 o seu irm\u00e3o? \u2013 nos provoca a examinar seriamente as v\u00e1rias formas de cumplicidade com as quais a sociedade tolera e encoraja a explora\u00e7\u00e3o de homens, mulheres e crian\u00e7as, principalmente para fins sexuais. Por isso, as iniciativas voltadas para combater este crime devem considerar sempre mais os vastos setores relacionados, como por exemplo o uso respons\u00e1vel das tecnologias e dos meios de comunica\u00e7\u00e3o, al\u00e9m do estudo das implica\u00e7\u00f5es \u00e9ticas de modelos de crescimento econ\u00f4mico que privilegiam o lucro sobre as pessoas.<\/p>\n<p>\u201cEstou confiante de que as discuss\u00f5es desses dias ajudar\u00e3o tamb\u00e9m a incrementar a consci\u00eancia da crescente necessidade de ajudar as v\u00edtimas desses crimes, acompanhando-a num caminho de reintegra\u00e7\u00e3o na sociedade e de restabelecimento de sua dignidade humana\u201d, afirmou o Papa, acrescentando que a Igreja \u00e9 grata por cada esfor\u00e7o feito para levar o &#8220;b\u00e1lsamo da miseric\u00f3rdia divina aos que sofrem&#8221;. Somente assim, concluiu o Papa, poderemos ter sociedades recuperadas e renovadas em seu conjunto.<\/p>\n<p>Deste encontro do Grupo Santa Marta participou a Ir. Rosita Milesi MSCS, presidente do Instituto Migra\u00e7\u00f5es e Direitos Humanos, representando o Conselho Episcopal Latino-Americano (CELAM). J\u00e1 a brasileira Ir. Marin\u00eas Biasibetti representou a Comiss\u00e3o Episcopal para Migrantes Refugiados e Deslocados da Igreja em Mo\u00e7ambique.<\/p>\n<\/div>\n","protected":false},"excerpt":{"rendered":"<p>Francisco recebeu os membros do &#8220;Grupo Santa Marta&#8221;, que se reuniram no Vaticano para ampliar pr\u00e1ticas de combate ao tr\u00e1fico humano. Cidade do Vaticano \u2013 O Papa concluiu sua s\u00e9rie de audi\u00eancias esta sexta-feira (09\/02) recebendo os membros do \u201cGrupo Santa Marta\u201d, reunidos no Vaticano para o primeiro encontro de 2018. O Grupo Santa Marta [&hellip;]<\/p>\n","protected":false},"author":1,"featured_media":38127,"comment_status":"open","ping_status":"closed","sticky":false,"template":"","format":"standard","meta":{"footnotes":""},"categories":[13,3],"tags":[],"class_list":["post-38126","post","type-post","status-publish","format-standard","has-post-thumbnail","hentry","category-featured","category-vaticano"],"_links":{"self":[{"href":"https:\/\/catolicanet.net\/wp-cnet\/wp-json\/wp\/v2\/posts\/38126","targetHints":{"allow":["GET"]}}],"collection":[{"href":"https:\/\/catolicanet.net\/wp-cnet\/wp-json\/wp\/v2\/posts"}],"about":[{"href":"https:\/\/catolicanet.net\/wp-cnet\/wp-json\/wp\/v2\/types\/post"}],"author":[{"embeddable":true,"href":"https:\/\/catolicanet.net\/wp-cnet\/wp-json\/wp\/v2\/users\/1"}],"replies":[{"embeddable":true,"href":"https:\/\/catolicanet.net\/wp-cnet\/wp-json\/wp\/v2\/comments?post=38126"}],"version-history":[{"count":1,"href":"https:\/\/catolicanet.net\/wp-cnet\/wp-json\/wp\/v2\/posts\/38126\/revisions"}],"predecessor-version":[{"id":38128,"href":"https:\/\/catolicanet.net\/wp-cnet\/wp-json\/wp\/v2\/posts\/38126\/revisions\/38128"}],"wp:featuredmedia":[{"embeddable":true,"href":"https:\/\/catolicanet.net\/wp-cnet\/wp-json\/wp\/v2\/media\/38127"}],"wp:attachment":[{"href":"https:\/\/catolicanet.net\/wp-cnet\/wp-json\/wp\/v2\/media?parent=38126"}],"wp:term":[{"taxonomy":"category","embeddable":true,"href":"https:\/\/catolicanet.net\/wp-cnet\/wp-json\/wp\/v2\/categories?post=38126"},{"taxonomy":"post_tag","embeddable":true,"href":"https:\/\/catolicanet.net\/wp-cnet\/wp-json\/wp\/v2\/tags?post=38126"}],"curies":[{"name":"wp","href":"https:\/\/api.w.org\/{rel}","templated":true}]}}