{"id":38082,"date":"2018-02-08T15:58:01","date_gmt":"2018-02-08T17:58:01","guid":{"rendered":"http:\/\/catolicanet.net\/wp-cnet\/?p=38082"},"modified":"2018-02-08T15:58:01","modified_gmt":"2018-02-08T17:58:01","slug":"trafico-de-pessoas-como-ajudar-a-combate-lo","status":"publish","type":"post","link":"https:\/\/catolicanet.net\/wp-cnet\/trafico-de-pessoas-como-ajudar-a-combate-lo\/","title":{"rendered":"Tr\u00e1fico de pessoas: como ajudar a combat\u00ea-lo?"},"content":{"rendered":"<p>A Rede um Grito pela Vida est\u00e1 realizando uma s\u00e9rie de eventos em todo o Brasil para ajudar as pessoas a tomarem consci\u00eancia das consequ\u00eancias do tr\u00e1fico e como mudar esta realidade, em aumento em \u00e1reas pobres, como a Amaz\u00f4nia.<\/p>\n<p>&nbsp;<\/p>\n<p>Fonte: R\u00e1dio Vaticano<\/p>\n","protected":false},"excerpt":{"rendered":"<p>A Rede um Grito pela Vida est\u00e1 realizando uma s\u00e9rie de eventos em todo o Brasil para ajudar as pessoas a tomarem consci\u00eancia das consequ\u00eancias do tr\u00e1fico e como mudar esta realidade, em aumento em \u00e1reas pobres, como a Amaz\u00f4nia. &nbsp; Fonte: R\u00e1dio Vaticano<\/p>\n","protected":false},"author":1,"featured_media":38083,"comment_status":"open","ping_status":"closed","sticky":false,"template":"","format":"standard","meta":{"footnotes":""},"categories":[13],"tags":[],"class_list":["post-38082","post","type-post","status-publish","format-standard","has-post-thumbnail","hentry","category-featured"],"_links":{"self":[{"href":"https:\/\/catolicanet.net\/wp-cnet\/wp-json\/wp\/v2\/posts\/38082","targetHints":{"allow":["GET"]}}],"collection":[{"href":"https:\/\/catolicanet.net\/wp-cnet\/wp-json\/wp\/v2\/posts"}],"about":[{"href":"https:\/\/catolicanet.net\/wp-cnet\/wp-json\/wp\/v2\/types\/post"}],"author":[{"embeddable":true,"href":"https:\/\/catolicanet.net\/wp-cnet\/wp-json\/wp\/v2\/users\/1"}],"replies":[{"embeddable":true,"href":"https:\/\/catolicanet.net\/wp-cnet\/wp-json\/wp\/v2\/comments?post=38082"}],"version-history":[{"count":1,"href":"https:\/\/catolicanet.net\/wp-cnet\/wp-json\/wp\/v2\/posts\/38082\/revisions"}],"predecessor-version":[{"id":38084,"href":"https:\/\/catolicanet.net\/wp-cnet\/wp-json\/wp\/v2\/posts\/38082\/revisions\/38084"}],"wp:featuredmedia":[{"embeddable":true,"href":"https:\/\/catolicanet.net\/wp-cnet\/wp-json\/wp\/v2\/media\/38083"}],"wp:attachment":[{"href":"https:\/\/catolicanet.net\/wp-cnet\/wp-json\/wp\/v2\/media?parent=38082"}],"wp:term":[{"taxonomy":"category","embeddable":true,"href":"https:\/\/catolicanet.net\/wp-cnet\/wp-json\/wp\/v2\/categories?post=38082"},{"taxonomy":"post_tag","embeddable":true,"href":"https:\/\/catolicanet.net\/wp-cnet\/wp-json\/wp\/v2\/tags?post=38082"}],"curies":[{"name":"wp","href":"https:\/\/api.w.org\/{rel}","templated":true}]}}