{"id":3806,"date":"2013-12-30T03:00:00","date_gmt":"2013-12-30T05:00:00","guid":{"rendered":"http:\/\/catolicanet.net\/wp-cnet\/expectativas\/"},"modified":"2017-03-24T15:04:33","modified_gmt":"2017-03-24T18:04:33","slug":"expectativas","status":"publish","type":"post","link":"https:\/\/catolicanet.net\/wp-cnet\/expectativas\/","title":{"rendered":"Expectativas"},"content":{"rendered":"<p style=\"text-align: justify;\"><img loading=\"lazy\" decoding=\"async\" src=\"http:\/\/www.catolicanet.com.br\/images\/stories\/dompaulomendes1.jpg\" border=\"0\" width=\"160\" height=\"241\" align=\"left\" \/>Apesar de muitos contra-valores vivenciados no ano que passou, as expectativas para 2014 s\u00e3o sempre positivas. Pensar s\u00f3 em coisas negativas \u00e9 atrair o negativo. Da mesma forma, quem se ap\u00f3ia na esperan\u00e7a, no bem e nos valores positivos, tamb\u00e9m atrai para si coisas boas. A esperan\u00e7a significa viver sob a a\u00e7\u00e3o da luz e n\u00e3o da escurid\u00e3o.<br \/>A palavra \u201cepifania\u201d recorda manifesta\u00e7\u00e3o, usada na liturgia deste final de semana, no primeiro domingo do ano. Tendo nascido no Natal, Jesus agora se manifesta para o mundo, sendo visitado pelos Reis Magos do Oriente, proporcionando a eles grande expectativa de um mundo melhor e marcado pelo v\u00ednculo da paz.<br \/>Nas palavras dos profetas havia uma promessa que colocava o povo de Israel numa grande expectativa. Aguardavam a chegada de um rei libertador. A promessa foi cumprida, mas o povo de Israel n\u00e3o a entendeu. N\u00e3o conseguiu ver a estrela-guia, como aconteceu com os Reis Magos, pag\u00e3os e representantes do Oriente.<br \/>Na hist\u00f3ria dos povos h\u00e1 \u201cestrelas\u201d que brilham, umas para o bem e outras para o mal. Isto n\u00e3o ser\u00e1 diferente neste novo ano. O principal detalhe \u00e9 a capacidade de discernimento, de encontro com aquilo que proporciona vida, com os valores que geram dignidade. Entre eles temos a fraternidade como reconhecimento do valor de cada pessoa.<br \/>Ap\u00f3s passarmos por festas natalinas e de virada de ano, agora \u00e9 caminhar com otimismo, n\u00e3o na escurid\u00e3o, mas na luz, na claridade e com a auto-estima levantada. \u00c9 ano de Copa do Mundo no Brasil, de expectativas, de alegria e muita energia. Nada de baixo-astral, mas coragem para enfrentar os desafios normais da vida.<br \/>Manifestando-se aos Reis Magos e ao mundo, Jesus se apresenta como luz. Essa luz deve ser reconhecida hoje, mesmo numa sociedade dividida na pluralidade de tantas luzes que apontam para diversas dire\u00e7\u00f5es. Nem todas levam consigo a dimens\u00e3o da verdadeira luz, Jesus Cristo. Ela exige sa\u00edda do comodismo e do individualismo, daquilo que impede a pessoa de ser feliz no novo ano.<\/p>\n","protected":false},"excerpt":{"rendered":"<p>Apesar de muitos contra-valores vivenciados no ano que passou, as expectativas para 2014 s\u00e3o sempre positivas. Pensar s\u00f3 em coisas negativas \u00e9 atrair o negativo. Da mesma forma, quem se ap\u00f3ia na esperan\u00e7a, no bem e nos valores positivos, tamb\u00e9m atrai para si coisas boas. A esperan\u00e7a significa viver sob a a\u00e7\u00e3o da luz e [&hellip;]<\/p>\n","protected":false},"author":11,"featured_media":1528,"comment_status":"closed","ping_status":"closed","sticky":false,"template":"","format":"standard","meta":{"footnotes":""},"categories":[9],"tags":[],"class_list":["post-3806","post","type-post","status-publish","format-standard","has-post-thumbnail","hentry","category-artigos"],"_links":{"self":[{"href":"https:\/\/catolicanet.net\/wp-cnet\/wp-json\/wp\/v2\/posts\/3806","targetHints":{"allow":["GET"]}}],"collection":[{"href":"https:\/\/catolicanet.net\/wp-cnet\/wp-json\/wp\/v2\/posts"}],"about":[{"href":"https:\/\/catolicanet.net\/wp-cnet\/wp-json\/wp\/v2\/types\/post"}],"author":[{"embeddable":true,"href":"https:\/\/catolicanet.net\/wp-cnet\/wp-json\/wp\/v2\/users\/11"}],"replies":[{"embeddable":true,"href":"https:\/\/catolicanet.net\/wp-cnet\/wp-json\/wp\/v2\/comments?post=3806"}],"version-history":[{"count":1,"href":"https:\/\/catolicanet.net\/wp-cnet\/wp-json\/wp\/v2\/posts\/3806\/revisions"}],"predecessor-version":[{"id":8049,"href":"https:\/\/catolicanet.net\/wp-cnet\/wp-json\/wp\/v2\/posts\/3806\/revisions\/8049"}],"wp:featuredmedia":[{"embeddable":true,"href":"https:\/\/catolicanet.net\/wp-cnet\/wp-json\/wp\/v2\/media\/1528"}],"wp:attachment":[{"href":"https:\/\/catolicanet.net\/wp-cnet\/wp-json\/wp\/v2\/media?parent=3806"}],"wp:term":[{"taxonomy":"category","embeddable":true,"href":"https:\/\/catolicanet.net\/wp-cnet\/wp-json\/wp\/v2\/categories?post=3806"},{"taxonomy":"post_tag","embeddable":true,"href":"https:\/\/catolicanet.net\/wp-cnet\/wp-json\/wp\/v2\/tags?post=3806"}],"curies":[{"name":"wp","href":"https:\/\/api.w.org\/{rel}","templated":true}]}}