{"id":38013,"date":"2018-02-08T10:42:17","date_gmt":"2018-02-08T12:42:17","guid":{"rendered":"http:\/\/catolicanet.net\/wp-cnet\/?p=38013"},"modified":"2018-02-08T10:46:38","modified_gmt":"2018-02-08T12:46:38","slug":"novo-bispo-de-lages-sc-recebe-boas-vindas-do-presidente-do-regional-sul-4","status":"publish","type":"post","link":"https:\/\/catolicanet.net\/wp-cnet\/novo-bispo-de-lages-sc-recebe-boas-vindas-do-presidente-do-regional-sul-4\/","title":{"rendered":"Novo bispo de Lages (SC) recebe boas-vindas do presidente do Regional Sul 4"},"content":{"rendered":"<p>O bispo de Tubar\u00e3o (SC) e presidente do Regional Sul 4 da Confer\u00eancia Nacional dos Bispos do Brasil (CNBB), dom Jo\u00e3o Francisco Salm, enviou uma mensagem de boas-vindas ao novo bispo da Diocese de Lages (SC), dom Guilherme Antonio Werlang. Dom Guilherme foi nomeado nesta quarta-feira, 7 de fevereiro, pelo papa Francisco e ser\u00e1 o 5\u00ba bispo diocesano.<\/p>\n<p>Leia e ou\u00e7a a mensagem na \u00edntegra no site do <a href=\"http:\/\/cnbbsul4.org.br\/2018\/02\/07\/presidente-do-regional-sul-4-da-cnbb-envia-mensagem-de-boas-vindas-ao-novo-bispo-de-lages\/\">Regional Sul 4<\/a><\/p>\n","protected":false},"excerpt":{"rendered":"<p>O bispo de Tubar\u00e3o (SC) e presidente do Regional Sul 4 da Confer\u00eancia Nacional dos Bispos do Brasil (CNBB), dom Jo\u00e3o Francisco Salm, enviou uma mensagem de boas-vindas ao novo bispo da Diocese de Lages (SC), dom Guilherme Antonio Werlang. Dom Guilherme foi nomeado nesta quarta-feira, 7 de fevereiro, pelo papa Francisco e ser\u00e1 o [&hellip;]<\/p>\n","protected":false},"author":1,"featured_media":38014,"comment_status":"open","ping_status":"closed","sticky":false,"template":"","format":"standard","meta":{"footnotes":""},"categories":[7],"tags":[],"class_list":["post-38013","post","type-post","status-publish","format-standard","has-post-thumbnail","hentry","category-cnbb"],"_links":{"self":[{"href":"https:\/\/catolicanet.net\/wp-cnet\/wp-json\/wp\/v2\/posts\/38013","targetHints":{"allow":["GET"]}}],"collection":[{"href":"https:\/\/catolicanet.net\/wp-cnet\/wp-json\/wp\/v2\/posts"}],"about":[{"href":"https:\/\/catolicanet.net\/wp-cnet\/wp-json\/wp\/v2\/types\/post"}],"author":[{"embeddable":true,"href":"https:\/\/catolicanet.net\/wp-cnet\/wp-json\/wp\/v2\/users\/1"}],"replies":[{"embeddable":true,"href":"https:\/\/catolicanet.net\/wp-cnet\/wp-json\/wp\/v2\/comments?post=38013"}],"version-history":[{"count":1,"href":"https:\/\/catolicanet.net\/wp-cnet\/wp-json\/wp\/v2\/posts\/38013\/revisions"}],"predecessor-version":[{"id":38015,"href":"https:\/\/catolicanet.net\/wp-cnet\/wp-json\/wp\/v2\/posts\/38013\/revisions\/38015"}],"wp:featuredmedia":[{"embeddable":true,"href":"https:\/\/catolicanet.net\/wp-cnet\/wp-json\/wp\/v2\/media\/38014"}],"wp:attachment":[{"href":"https:\/\/catolicanet.net\/wp-cnet\/wp-json\/wp\/v2\/media?parent=38013"}],"wp:term":[{"taxonomy":"category","embeddable":true,"href":"https:\/\/catolicanet.net\/wp-cnet\/wp-json\/wp\/v2\/categories?post=38013"},{"taxonomy":"post_tag","embeddable":true,"href":"https:\/\/catolicanet.net\/wp-cnet\/wp-json\/wp\/v2\/tags?post=38013"}],"curies":[{"name":"wp","href":"https:\/\/api.w.org\/{rel}","templated":true}]}}