{"id":38004,"date":"2018-02-08T10:20:37","date_gmt":"2018-02-08T12:20:37","guid":{"rendered":"http:\/\/catolicanet.net\/wp-cnet\/?p=38004"},"modified":"2018-02-08T10:22:53","modified_gmt":"2018-02-08T12:22:53","slug":"diocese-de-campos-rj-promove-curso-de-teologia-para-leigos-e-leigas","status":"publish","type":"post","link":"https:\/\/catolicanet.net\/wp-cnet\/diocese-de-campos-rj-promove-curso-de-teologia-para-leigos-e-leigas\/","title":{"rendered":"Diocese de Campos (RJ) promove curso de Teologia para Leigos e Leigas"},"content":{"rendered":"<p>No ano em que a Igreja no Brasil celebra o Ano Nacional do Laicato a Diocese de Campos (RJ) comemora os 10 anos da Escola Teol\u00f3gica de Aprofundamento Crist\u00e3o, que funciona na Par\u00f3quia Santa Rita, em Itaperuna no Noroeste Fluminense.<\/p>\n<p>Para celebrar a data, a diocese promove um curso de Teologia para Leigos focado na valoriza\u00e7\u00e3o dos fi\u00e9is leigos e leigas que participam na miss\u00e3o da Igreja e se fazem presente nos v\u00e1rios setores da sociedade, num di\u00e1logo com a cultura em suas dimens\u00f5es.<\/p>\n<p>Informa\u00e7\u00f5es sobre o curso e inscri\u00e7\u00f5es est\u00e3o dispon\u00edveis no site do <strong><a href=\"http:\/\/cnbbleste1.org.br\/2018\/02\/diocese-de-campos-promove-curso-de-teologia-para-leigos\/\">Regional Leste 1 da CNBB<\/a><\/strong><\/p>\n","protected":false},"excerpt":{"rendered":"<p>No ano em que a Igreja no Brasil celebra o Ano Nacional do Laicato a Diocese de Campos (RJ) comemora os 10 anos da Escola Teol\u00f3gica de Aprofundamento Crist\u00e3o, que funciona na Par\u00f3quia Santa Rita, em Itaperuna no Noroeste Fluminense. Para celebrar a data, a diocese promove um curso de Teologia para Leigos focado na [&hellip;]<\/p>\n","protected":false},"author":1,"featured_media":38008,"comment_status":"open","ping_status":"closed","sticky":false,"template":"","format":"standard","meta":{"footnotes":""},"categories":[13],"tags":[],"class_list":["post-38004","post","type-post","status-publish","format-standard","has-post-thumbnail","hentry","category-featured"],"_links":{"self":[{"href":"https:\/\/catolicanet.net\/wp-cnet\/wp-json\/wp\/v2\/posts\/38004","targetHints":{"allow":["GET"]}}],"collection":[{"href":"https:\/\/catolicanet.net\/wp-cnet\/wp-json\/wp\/v2\/posts"}],"about":[{"href":"https:\/\/catolicanet.net\/wp-cnet\/wp-json\/wp\/v2\/types\/post"}],"author":[{"embeddable":true,"href":"https:\/\/catolicanet.net\/wp-cnet\/wp-json\/wp\/v2\/users\/1"}],"replies":[{"embeddable":true,"href":"https:\/\/catolicanet.net\/wp-cnet\/wp-json\/wp\/v2\/comments?post=38004"}],"version-history":[{"count":1,"href":"https:\/\/catolicanet.net\/wp-cnet\/wp-json\/wp\/v2\/posts\/38004\/revisions"}],"predecessor-version":[{"id":38010,"href":"https:\/\/catolicanet.net\/wp-cnet\/wp-json\/wp\/v2\/posts\/38004\/revisions\/38010"}],"wp:featuredmedia":[{"embeddable":true,"href":"https:\/\/catolicanet.net\/wp-cnet\/wp-json\/wp\/v2\/media\/38008"}],"wp:attachment":[{"href":"https:\/\/catolicanet.net\/wp-cnet\/wp-json\/wp\/v2\/media?parent=38004"}],"wp:term":[{"taxonomy":"category","embeddable":true,"href":"https:\/\/catolicanet.net\/wp-cnet\/wp-json\/wp\/v2\/categories?post=38004"},{"taxonomy":"post_tag","embeddable":true,"href":"https:\/\/catolicanet.net\/wp-cnet\/wp-json\/wp\/v2\/tags?post=38004"}],"curies":[{"name":"wp","href":"https:\/\/api.w.org\/{rel}","templated":true}]}}