{"id":38000,"date":"2018-02-05T10:02:49","date_gmt":"2018-02-05T12:02:49","guid":{"rendered":"http:\/\/catolicanet.net\/wp-cnet\/?p=38000"},"modified":"2018-02-08T10:07:59","modified_gmt":"2018-02-08T12:07:59","slug":"um-passo-atras-na-historia-diz-d-tomasi-sobre-decisao-eua-sobre-armas-nucleares","status":"publish","type":"post","link":"https:\/\/catolicanet.net\/wp-cnet\/um-passo-atras-na-historia-diz-d-tomasi-sobre-decisao-eua-sobre-armas-nucleares\/","title":{"rendered":"\u201cUm passo atr\u00e1s na hist\u00f3ria\u201d, diz D. Tomasi sobre decis\u00e3o EUA sobre armas nucleares"},"content":{"rendered":"<p>&#8220;Um passo atr\u00e1s na hist\u00f3ria\u201d. Assim Dom Silvano Maria Tomasi \u2013 do Dicast\u00e9rio para o desenvolvimento humano integral \u2013 definiu o novo plano nuclear dos Estados Unidos, que relan\u00e7a o projeto at\u00f4mico\u00a0 de ogivas com pot\u00eancia reduzida, para lan\u00e7ar \u00a0ataques mirados.<\/p>\n<p>O Papa Francisco, falando recentemente sobre as armas nucleares, alertou que a humanidade corre o risco de um \u201csuic\u00eddio\u201d.<\/p>\n<p>\u201cParece-me que estamos dando um passo atr\u00e1s na hist\u00f3ria e se retorna \u00e0quela que durante a Guerra Fria era uma competi\u00e7\u00e3o entre quem tem as armas mais poderosas \u00a0para buscar ter mais influ\u00eancia na situa\u00e7\u00e3o internacional\u201d.<\/p>\n<p>\u201cA corrida aos armamentos recome\u00e7a e \u00e9 realmente um passo que perturba profundamente a situa\u00e7\u00e3o atual\u201d, diz o ex Observador Permanente da Santa S\u00e9 na ONU.<\/p>\n<p>\u201cPor um lado, se come\u00e7a a investir enormes capitais nas armas, ao inv\u00e9s de investir em servi\u00e7os sociais que s\u00e3o necess\u00e1rios \u00e0s pessoas que t\u00eam necessidade de cuidar da pr\u00f3pria sa\u00fade ou de comer ou de desenvolver-se. E por outro, criamos uma nova tens\u00e3o \u2013 que n\u00e3o era necess\u00e1ria \u2013 entre as pot\u00eancias nucleares\u201d.<\/p>\n<p>\u201cPortanto, neste momento chegamos a uma situa\u00e7\u00e3o que n\u00e3o promete nada de bom. \u00c9 uma reafirma\u00e7\u00e3o de poder que estimula a competi\u00e7\u00e3o e aumenta o risco de que por acidente exploda alguma ogiva at\u00f4mica, criando consequ\u00eancias que n\u00e3o sabemos como antecipar nem como administrar, uma vez que esta cadeia de ataca e responde poderia ter in\u00edcio\u201d.<\/p>\n<p>Para o Pent\u00e1gono, o novo plano dos Estados Unidos nasce do fato de que \u00e9 preciso olhar a realidade diretamente nos olhos e ver o mundo como ele \u00e9.<\/p>\n<p>\u201cMas quem \u00e9 a amea\u00e7a?\u201d, pergunta Dom Tomasi, que responde.<\/p>\n<p>\u201cA amea\u00e7a nasce da corrida aos armamentos, porque se algu\u00e9m se mune de instrumento de ataque que s\u00e3o novos e de uma sofisticada tecnologia mais requintada, outros dever\u00e3o ou ir\u00e3o querer colocar-se em p\u00e9 de igualdade, se n\u00e3o ter a vontade de super\u00e1-la. Assim, o racioc\u00ednio torna-se um c\u00edrculo vicioso\u201d.<\/p>\n<p>(<a href=\"http:\/\/www.vaticannews.va\/pt\/vaticano\/news\/2018-02\/dom-tomasi-sobre-plano-eua-de-armas-nucleares--passo-atras-.html\" target=\"_blank\" rel=\"noopener\">R\u00e1dio Vaticano<\/a>)<\/p>\n","protected":false},"excerpt":{"rendered":"<p>&#8220;Um passo atr\u00e1s na hist\u00f3ria\u201d. Assim Dom Silvano Maria Tomasi \u2013 do Dicast\u00e9rio para o desenvolvimento humano integral \u2013 definiu o novo plano nuclear dos Estados Unidos, que relan\u00e7a o projeto at\u00f4mico\u00a0 de ogivas com pot\u00eancia reduzida, para lan\u00e7ar \u00a0ataques mirados. O Papa Francisco, falando recentemente sobre as armas nucleares, alertou que a humanidade corre [&hellip;]<\/p>\n","protected":false},"author":1,"featured_media":38001,"comment_status":"open","ping_status":"closed","sticky":false,"template":"","format":"standard","meta":{"footnotes":""},"categories":[3],"tags":[],"class_list":["post-38000","post","type-post","status-publish","format-standard","has-post-thumbnail","hentry","category-vaticano"],"_links":{"self":[{"href":"https:\/\/catolicanet.net\/wp-cnet\/wp-json\/wp\/v2\/posts\/38000","targetHints":{"allow":["GET"]}}],"collection":[{"href":"https:\/\/catolicanet.net\/wp-cnet\/wp-json\/wp\/v2\/posts"}],"about":[{"href":"https:\/\/catolicanet.net\/wp-cnet\/wp-json\/wp\/v2\/types\/post"}],"author":[{"embeddable":true,"href":"https:\/\/catolicanet.net\/wp-cnet\/wp-json\/wp\/v2\/users\/1"}],"replies":[{"embeddable":true,"href":"https:\/\/catolicanet.net\/wp-cnet\/wp-json\/wp\/v2\/comments?post=38000"}],"version-history":[{"count":1,"href":"https:\/\/catolicanet.net\/wp-cnet\/wp-json\/wp\/v2\/posts\/38000\/revisions"}],"predecessor-version":[{"id":38002,"href":"https:\/\/catolicanet.net\/wp-cnet\/wp-json\/wp\/v2\/posts\/38000\/revisions\/38002"}],"wp:featuredmedia":[{"embeddable":true,"href":"https:\/\/catolicanet.net\/wp-cnet\/wp-json\/wp\/v2\/media\/38001"}],"wp:attachment":[{"href":"https:\/\/catolicanet.net\/wp-cnet\/wp-json\/wp\/v2\/media?parent=38000"}],"wp:term":[{"taxonomy":"category","embeddable":true,"href":"https:\/\/catolicanet.net\/wp-cnet\/wp-json\/wp\/v2\/categories?post=38000"},{"taxonomy":"post_tag","embeddable":true,"href":"https:\/\/catolicanet.net\/wp-cnet\/wp-json\/wp\/v2\/tags?post=38000"}],"curies":[{"name":"wp","href":"https:\/\/api.w.org\/{rel}","templated":true}]}}