{"id":37990,"date":"2018-02-08T09:53:18","date_gmt":"2018-02-08T11:53:18","guid":{"rendered":"http:\/\/catolicanet.net\/wp-cnet\/?p=37990"},"modified":"2018-02-08T09:53:18","modified_gmt":"2018-02-08T11:53:18","slug":"papa-francisco-recebe-bispo-da-administracao-apostolica-sao-joao-maria-vianney","status":"publish","type":"post","link":"https:\/\/catolicanet.net\/wp-cnet\/papa-francisco-recebe-bispo-da-administracao-apostolica-sao-joao-maria-vianney\/","title":{"rendered":"Papa Francisco recebe bispo da Administra\u00e7\u00e3o Apost\u00f3lica S\u00e3o Jo\u00e3o Maria Vianney"},"content":{"rendered":"<p>Nesta quarta-feira (07), o bispo da Administra\u00e7\u00e3o Apost\u00f3lica S\u00e3o Jo\u00e3o Maria Vianney com sede em Campos (RJ), dom Fernando Ar\u00eaas Rifan, acompanhado de seminaristas da circunscri\u00e7\u00e3o eclesi\u00e1stica, participou de mais um encontro com o Papa Francisco, no Vaticano. O encontro ocorreu durante a Audi\u00eancia Geral, na Sala Paulo VI.<\/p>\n<p>A not\u00edcia completa pode ser lida no site do Regional Leste 1 da CNBB<\/p>\n","protected":false},"excerpt":{"rendered":"<p>Nesta quarta-feira (07), o bispo da Administra\u00e7\u00e3o Apost\u00f3lica S\u00e3o Jo\u00e3o Maria Vianney com sede em Campos (RJ), dom Fernando Ar\u00eaas Rifan, acompanhado de seminaristas da circunscri\u00e7\u00e3o eclesi\u00e1stica, participou de mais um encontro com o Papa Francisco, no Vaticano. O encontro ocorreu durante a Audi\u00eancia Geral, na Sala Paulo VI. A not\u00edcia completa pode ser lida [&hellip;]<\/p>\n","protected":false},"author":1,"featured_media":37995,"comment_status":"open","ping_status":"closed","sticky":false,"template":"","format":"standard","meta":{"footnotes":""},"categories":[7],"tags":[],"class_list":["post-37990","post","type-post","status-publish","format-standard","has-post-thumbnail","hentry","category-cnbb"],"_links":{"self":[{"href":"https:\/\/catolicanet.net\/wp-cnet\/wp-json\/wp\/v2\/posts\/37990","targetHints":{"allow":["GET"]}}],"collection":[{"href":"https:\/\/catolicanet.net\/wp-cnet\/wp-json\/wp\/v2\/posts"}],"about":[{"href":"https:\/\/catolicanet.net\/wp-cnet\/wp-json\/wp\/v2\/types\/post"}],"author":[{"embeddable":true,"href":"https:\/\/catolicanet.net\/wp-cnet\/wp-json\/wp\/v2\/users\/1"}],"replies":[{"embeddable":true,"href":"https:\/\/catolicanet.net\/wp-cnet\/wp-json\/wp\/v2\/comments?post=37990"}],"version-history":[{"count":1,"href":"https:\/\/catolicanet.net\/wp-cnet\/wp-json\/wp\/v2\/posts\/37990\/revisions"}],"predecessor-version":[{"id":37996,"href":"https:\/\/catolicanet.net\/wp-cnet\/wp-json\/wp\/v2\/posts\/37990\/revisions\/37996"}],"wp:featuredmedia":[{"embeddable":true,"href":"https:\/\/catolicanet.net\/wp-cnet\/wp-json\/wp\/v2\/media\/37995"}],"wp:attachment":[{"href":"https:\/\/catolicanet.net\/wp-cnet\/wp-json\/wp\/v2\/media?parent=37990"}],"wp:term":[{"taxonomy":"category","embeddable":true,"href":"https:\/\/catolicanet.net\/wp-cnet\/wp-json\/wp\/v2\/categories?post=37990"},{"taxonomy":"post_tag","embeddable":true,"href":"https:\/\/catolicanet.net\/wp-cnet\/wp-json\/wp\/v2\/tags?post=37990"}],"curies":[{"name":"wp","href":"https:\/\/api.w.org\/{rel}","templated":true}]}}