{"id":37962,"date":"2018-01-15T12:10:35","date_gmt":"2018-01-15T14:10:35","guid":{"rendered":"http:\/\/catolicanet.net\/wp-cnet\/?p=37962"},"modified":"2018-02-05T16:23:00","modified_gmt":"2018-02-05T18:23:00","slug":"a-voz-de-deus","status":"publish","type":"post","link":"https:\/\/catolicanet.net\/wp-cnet\/a-voz-de-deus\/","title":{"rendered":"A voz de Deus"},"content":{"rendered":"<p>O absoluto de Deus \u00e9 mist\u00e9rio e comunh\u00e3o indiz\u00edveis, a partir de uma f\u00e9 firme e segura. Como parte da fam\u00edlia dos filhos de Deus, totalmente aberta e voltada ao mist\u00e9rio a nos envolver, lembro-me das palavras de Dom Helder: \u201cQuando as palavras somem, quando os cuidados adormecem, quando nos entregamos, de verdade, nas m\u00e3os do Senhor, o grande sil\u00eancio nos mergulha na paz, na confian\u00e7a, na alegria&#8230; E a voz de Deus se faz ouvir\u201d. \u00c9 a voz de Deus que nos leva a acreditar na Sua palavra, sempre criadora e vivificadora, caso a acolhamos com humildade, na certeza de contarmos com sua misteriosa presen\u00e7a.<br \/>\nSua voz clama aos crist\u00e3os de hoje, dentro da comunidade dos batizados, assim como clamou e penetrou no cora\u00e7\u00e3o do mundo no decorrer dos s\u00e9culos em toda a sua plenitude. Voz de Deus muitas vezes no sil\u00eancio da noite, exemplo concreto de Deus falando a Samuel, numa profunda paz e sossego (cf. 1Sm 3, 3-10). S\u00f3 mesmo a partir de um esp\u00edrito aberto, tranquilo e calmo \u00e9 poss\u00edvel ouvir, perceber e acolher a voz inspiradora de Deus. Jesus, na sua miss\u00e3o, andando de lugar em lugar, tinha palavras a desconcertar a muitos, porque chegava ao fundo do cora\u00e7\u00e3o, tocando, l\u00e1 no interior, a vida das pessoas, sensibilizando-as.<br \/>\nNosso Deus \u00e9 solid\u00e1rio e pr\u00f3ximo de seu povo; \u00e9 um Deus comunh\u00e3o que quer de verdade entrar na vida daqueles que abra\u00e7am a f\u00e9, buscam respeito, acolhida e compreens\u00e3o solid\u00e1ria. \u00c9 claro que Deus n\u00e3o nos fala como falou a Samuel, chamando-o diversas vezes pelo nome. Fala-nos de diversos e variados modos e circunst\u00e2ncias, manifestando sua santa vontade. Em muitas ocasi\u00f5es \u00e9 preciso contar com o socorro de pessoas generosas, no discernimento \u00e0 vontade de Deus. Veja o exemplo do pequeno Samuel, dirigindo-se a Eli, como nos ensina o Livro Sagrado.<br \/>\nNossas celebra\u00e7\u00f5es lit\u00fargicas devem estar de acordo com o ensinamento da M\u00e3e Igreja, longe de ser um espet\u00e1culo espiritual. Ao contr\u00e1rio, que ela conduza a um sincero e profundo envolvimento, levando as pessoas a mergulharem no sagrado, no pr\u00f3prio Deus. Convencidos de que a eucaristia alimenta nosso chamado e nossa miss\u00e3o, tornando mais claro e evidente os nossos passos, chamados a dar uma resposta ao infinito amor de Deus para conosco. Am\u00e9m!<\/p>\n","protected":false},"excerpt":{"rendered":"<p>O absoluto de Deus \u00e9 mist\u00e9rio e comunh\u00e3o indiz\u00edveis, a partir de uma f\u00e9 firme e segura. Como parte da fam\u00edlia dos filhos de Deus, totalmente aberta e voltada ao mist\u00e9rio a nos envolver, lembro-me das palavras de Dom Helder: \u201cQuando as palavras somem, quando os cuidados adormecem, quando nos entregamos, de verdade, nas m\u00e3os [&hellip;]<\/p>\n","protected":false},"author":6,"featured_media":32779,"comment_status":"open","ping_status":"closed","sticky":false,"template":"","format":"standard","meta":{"footnotes":""},"categories":[9],"tags":[],"class_list":["post-37962","post","type-post","status-publish","format-standard","has-post-thumbnail","hentry","category-artigos"],"_links":{"self":[{"href":"https:\/\/catolicanet.net\/wp-cnet\/wp-json\/wp\/v2\/posts\/37962","targetHints":{"allow":["GET"]}}],"collection":[{"href":"https:\/\/catolicanet.net\/wp-cnet\/wp-json\/wp\/v2\/posts"}],"about":[{"href":"https:\/\/catolicanet.net\/wp-cnet\/wp-json\/wp\/v2\/types\/post"}],"author":[{"embeddable":true,"href":"https:\/\/catolicanet.net\/wp-cnet\/wp-json\/wp\/v2\/users\/6"}],"replies":[{"embeddable":true,"href":"https:\/\/catolicanet.net\/wp-cnet\/wp-json\/wp\/v2\/comments?post=37962"}],"version-history":[{"count":1,"href":"https:\/\/catolicanet.net\/wp-cnet\/wp-json\/wp\/v2\/posts\/37962\/revisions"}],"predecessor-version":[{"id":37963,"href":"https:\/\/catolicanet.net\/wp-cnet\/wp-json\/wp\/v2\/posts\/37962\/revisions\/37963"}],"wp:featuredmedia":[{"embeddable":true,"href":"https:\/\/catolicanet.net\/wp-cnet\/wp-json\/wp\/v2\/media\/32779"}],"wp:attachment":[{"href":"https:\/\/catolicanet.net\/wp-cnet\/wp-json\/wp\/v2\/media?parent=37962"}],"wp:term":[{"taxonomy":"category","embeddable":true,"href":"https:\/\/catolicanet.net\/wp-cnet\/wp-json\/wp\/v2\/categories?post=37962"},{"taxonomy":"post_tag","embeddable":true,"href":"https:\/\/catolicanet.net\/wp-cnet\/wp-json\/wp\/v2\/tags?post=37962"}],"curies":[{"name":"wp","href":"https:\/\/api.w.org\/{rel}","templated":true}]}}