{"id":37958,"date":"2018-01-15T09:35:13","date_gmt":"2018-01-15T11:35:13","guid":{"rendered":"http:\/\/catolicanet.net\/wp-cnet\/?p=37958"},"modified":"2018-02-05T16:18:21","modified_gmt":"2018-02-05T18:18:21","slug":"ferias","status":"publish","type":"post","link":"https:\/\/catolicanet.net\/wp-cnet\/ferias\/","title":{"rendered":"F\u00e9rias"},"content":{"rendered":"<p>Muitas pessoas, nesta \u00e9poca do ano, t\u00eam a oportunidade de fazer as suas merecidas f\u00e9rias. Interromper a rotina de trabalho, de estudos e de outras atividades \u00e9 salutar. Por\u00e9m, f\u00e9rias n\u00e3o significa fazer nada, mas fazer coisas diferentes que o cotidiano nos obriga a fazer apressadamente. Planejar e vivenciar estes breves dias \u00e9 necess\u00e1rio para alcan\u00e7ar os objetivos. O que fazer nas f\u00e9rias? N\u00e3o existe um caminho \u00fanico, pelo simples fato das pessoas exerceram atividades diferentes, terem habilidades e gostos diferentes.<br \/>\nTalvez a primeira descoberta a ser feita \u00e9 o que me faz descansar? Do que devo abrir m\u00e3o para distanciar-me daquilo que fa\u00e7o cotidianamente? Pois, mesmo mudando de ritmo ou indo em outros lugares, posso levar o trabalho comigo.<br \/>\nAs f\u00e9rias s\u00e3o uma oportunidade para vivenciar o sil\u00eancio. Em certas circunst\u00e2ncias, principalmente para recordar falecidos, se faz o minuto de sil\u00eancio. N\u00e3o se diz nada, n\u00e3o se faz nada, mas pode constituir-se um momento forte. N\u00e3o se trata de um sil\u00eancio vivido somente como um vazio, como uma aus\u00eancia de rumores e de palavras. O que vale \u00e9 a qualidade de sil\u00eancio, nesse caso qualidade de presen\u00e7a de escuta, grande concentra\u00e7\u00e3o. Ouvir-se a si mesmo. Propor o sil\u00eancio \u00e9 uma arte que pede muito cuidado e necessita ser preparado para n\u00e3o tornar-se insignificante e cansativo ou reduzir-se a um vazio e a uma aus\u00eancia moment\u00e2nea de rumor. O sil\u00eancio \u00e9, antes de tudo, uma qualidade de presen\u00e7a, de encontro consigo mesmo.<br \/>\nAs f\u00e9rias tamb\u00e9m possibilitam uma conviv\u00eancia mais prolongada com a fam\u00edlia e os amigos. Estar presente, ser presen\u00e7a \u00e9 a prioridade. \u00c9 uma escolha consciente. Administrar a presen\u00e7a onipresente dos diferentes meios de comunica\u00e7\u00e3o virtuais na conviv\u00eancia exige bom senso e sabedoria. A qualquer momento algu\u00e9m de fora pode invadir e interferir a intimidade familiar gerando distanciamento ou indiferen\u00e7a.<br \/>\n\u00c9 uma oportunidade de melhorar a capacidade de comunica\u00e7\u00e3o e de amar as pessoas pr\u00f3ximas. Rela\u00e7\u00f5es se constroem e melhoram com uma comunica\u00e7\u00e3o mais sincera, profunda e confiante. A falta dela rompe amizades, separa fam\u00edlias e impede de resolver conflitos. A palavra se torna um instrumento para a realiza\u00e7\u00e3o do encontro das pessoas gerando a unidade, pois a palavra \u00e9 criadora.<br \/>\nPara quem gosta de ler, lembro-me de uma recomenda\u00e7\u00e3o dada por um professor quando iniciei a faculdade de filosofia. Recomendava-nos que n\u00e3o l\u00eassemos somente livros de filosofia, mas das mais diferentes \u00e1reas. Ler algo diferente da \u00e1rea profissional amplia o horizonte daquele mundo que nos ocupa todo ano.<br \/>\nTempo de f\u00e9rias \u00e9 tempo prop\u00edcio para cultivar a espiritualidade. Para o crist\u00e3o a espiritualidade \u00e9 aproximar-se de Deus. Comungar com o Seu modo de pensar o mundo e as pessoas. \u00c9 compartilhar os mesmos sentimentos de miseric\u00f3rdia, de solidariedade, de justi\u00e7a e fraternidade. \u00c9 ter compaix\u00e3o com a dor alheia. \u00c9 colocar-se em ora\u00e7\u00e3o e di\u00e1logo de amor. \u00c9 abrir-se ao esp\u00edrito divino. \u00c9 tomar consci\u00eancia que somos mais que mat\u00e9ria finita. \u00c9 dar tempo para estar com Deus.<\/p>\n","protected":false},"excerpt":{"rendered":"<p>Muitas pessoas, nesta \u00e9poca do ano, t\u00eam a oportunidade de fazer as suas merecidas f\u00e9rias. Interromper a rotina de trabalho, de estudos e de outras atividades \u00e9 salutar. Por\u00e9m, f\u00e9rias n\u00e3o significa fazer nada, mas fazer coisas diferentes que o cotidiano nos obriga a fazer apressadamente. Planejar e vivenciar estes breves dias \u00e9 necess\u00e1rio para [&hellip;]<\/p>\n","protected":false},"author":18,"featured_media":32780,"comment_status":"open","ping_status":"closed","sticky":false,"template":"","format":"standard","meta":{"footnotes":""},"categories":[9],"tags":[],"class_list":["post-37958","post","type-post","status-publish","format-standard","has-post-thumbnail","hentry","category-artigos"],"_links":{"self":[{"href":"https:\/\/catolicanet.net\/wp-cnet\/wp-json\/wp\/v2\/posts\/37958","targetHints":{"allow":["GET"]}}],"collection":[{"href":"https:\/\/catolicanet.net\/wp-cnet\/wp-json\/wp\/v2\/posts"}],"about":[{"href":"https:\/\/catolicanet.net\/wp-cnet\/wp-json\/wp\/v2\/types\/post"}],"author":[{"embeddable":true,"href":"https:\/\/catolicanet.net\/wp-cnet\/wp-json\/wp\/v2\/users\/18"}],"replies":[{"embeddable":true,"href":"https:\/\/catolicanet.net\/wp-cnet\/wp-json\/wp\/v2\/comments?post=37958"}],"version-history":[{"count":1,"href":"https:\/\/catolicanet.net\/wp-cnet\/wp-json\/wp\/v2\/posts\/37958\/revisions"}],"predecessor-version":[{"id":37959,"href":"https:\/\/catolicanet.net\/wp-cnet\/wp-json\/wp\/v2\/posts\/37958\/revisions\/37959"}],"wp:featuredmedia":[{"embeddable":true,"href":"https:\/\/catolicanet.net\/wp-cnet\/wp-json\/wp\/v2\/media\/32780"}],"wp:attachment":[{"href":"https:\/\/catolicanet.net\/wp-cnet\/wp-json\/wp\/v2\/media?parent=37958"}],"wp:term":[{"taxonomy":"category","embeddable":true,"href":"https:\/\/catolicanet.net\/wp-cnet\/wp-json\/wp\/v2\/categories?post=37958"},{"taxonomy":"post_tag","embeddable":true,"href":"https:\/\/catolicanet.net\/wp-cnet\/wp-json\/wp\/v2\/tags?post=37958"}],"curies":[{"name":"wp","href":"https:\/\/api.w.org\/{rel}","templated":true}]}}