{"id":37954,"date":"2018-01-14T00:00:52","date_gmt":"2018-01-14T02:00:52","guid":{"rendered":"http:\/\/catolicanet.net\/wp-cnet\/?p=37954"},"modified":"2018-02-05T16:09:04","modified_gmt":"2018-02-05T18:09:04","slug":"pecamos-perdao-de-nossos-pecados","status":"publish","type":"post","link":"https:\/\/catolicanet.net\/wp-cnet\/pecamos-perdao-de-nossos-pecados\/","title":{"rendered":"Pe\u00e7amos perd\u00e3o de nossos pecados!"},"content":{"rendered":"<p>A liturgia do 3\u00ba Domingo do Tempo Comum nos prop\u00f5e a continua\u00e7\u00e3o da reflex\u00e3o iniciada no passado domingo. Recorda, uma vez mais, que Deus ama cada homem e cada mulher e chama-o \u00e0 vida plena e verdadeira. A resposta do homem ao chamamento de Deus passa por um caminho de convers\u00e3o pessoal e de identifica\u00e7\u00e3o com Jesus. As leituras giram em torno da necessidade de pedirmos perd\u00e3o de nossos pecados.<br \/>\nPergunto, inicialmente, a cada um dos meus leitores? Qual foi a \u00faltima vez que voc\u00ea se confessou? Foi no Advento ou na Quaresma de 2017? Sabemos todos que aproximar-se do confession\u00e1rio e pedir o perd\u00e3o de Deus, recebendo a absolvi\u00e7\u00e3o sacramental, \u00e9 uma gra\u00e7a que devemos cultivar com mais frequ\u00eancia em nossa vida sacramental. Como \u00e9 bom confessar e fazer uma faxina espiritual. Reconciliados com Deus e com a Igreja reiniciamos uma vida nova. Por isso a confiss\u00e3o \u00e9 precedida de um minucioso exame de consci\u00eancia, de uma vontade plena de mudan\u00e7a de vida e de in\u00edcio do itiner\u00e1rio penitencial. Somente pela convers\u00e3o e pela penit\u00eancia, diariamente assumidas, que \u00e9 poss\u00edvel perseverar estavelmente no servi\u00e7o do Senhor. Hoje s\u00e3o tr\u00eas as categorias de pessoas que experimentaram o perd\u00e3o de Deus: os ninivitas, na primeira leitura; os ouvintes de Jesus v\u00e3o acolher o Reino; e n\u00f3s vamos, pela participa\u00e7\u00e3o na Santa Eucaristia, receber em nosso corpo e alma o Filho de Deus pela santa comunh\u00e3o.<br \/>\nA primeira leitura(cf. Jn 3,1-5.10) nos adverte \u2013 atrav\u00e9s da hist\u00f3ria do envio do profeta Jonas a pregar a convers\u00e3o aos habitantes de N\u00ednive \u2013 que Deus ama todos os homens e a todos chama \u00e0 salva\u00e7\u00e3o. A disponibilidade dos ninivitas em escutar os apelos de Deus e em percorrer um caminho imediato de convers\u00e3o constitui um modelo de resposta adequada ao chamamento de Deus.<br \/>\nNo Evangelho(cf. Mc 1,14-20) aparece o convite que Jesus faz a todos os homens para se tornarem seus disc\u00edpulos e para integrarem a sua comunidade. Marcos avisa, contudo, que a entrada para a comunidade do Reino pressup\u00f5e um caminho de \u201cconvers\u00e3o\u201d e de ades\u00e3o a Jesus e ao Evangelho.<br \/>\nO cen\u00e1rio da voca\u00e7\u00e3o dos primeiros Ap\u00f3stolos \u00e9 o lago da Galileia. Jesus acabara de iniciar a prega\u00e7\u00e3o do Reino de Deus, quando o seu olhar se pousou sobre dois pares de irm\u00e3os:\u00a0 Sim\u00e3o e Andr\u00e9, Tiago e Jo\u00e3o. S\u00e3o pregadores, empenhados no seu trabalho quotidiano. Lan\u00e7am as redes, consertam-nas. Mas outra pesca os aguarda. Jesus chama-os com decis\u00e3o e eles seguem-nO imediatamente: agora ser\u00e3o \u201cpescadores de homens\u201d (cf. Mc 1, 17; Mt 4, 19).<br \/>\nA quem ser\u00e3o enviados os Ap\u00f3stolos? No Evangelho parece que Jesus limita a sua miss\u00e3o unicamente a Israel: \u201cN\u00e3o fui enviado sen\u00e3o \u00e0s ovelhas perdidas da casa de Israel\u201d (Mt 15, 24). De modo an\u00e1logo parece que ele circunscreve a miss\u00e3o confiada aos Doze: \u201cJesus enviou estes Doze, depois de lhes ter dado as seguintes instru\u00e7\u00f5es: \u201cN\u00e3o sigais pelo caminho dos gentios, nem entreis em cidade de samaritanos. Ide, primeiramente, \u00e0s ovelhas perdidas da casa de Israel\u201d\u201d (Mt 10, 5s.).<br \/>\nJesus \u00e9 o pastor escatol\u00f3gico, que re\u00fane as ovelhas perdidas da casa de Israel e vai \u00e0 procura delas, porque as conhece e ama (cf. Lc 15, 4-7 e Mt 18, 12-14; cf. tamb\u00e9m a figura do bom pastor em Jo 10, 11ss.). Atrav\u00e9s desta \u201creuni\u00e3o\u201d o Reino de Deus \u00e9 anunciado a todas as na\u00e7\u00f5es: \u201cManifestarei a minha gl\u00f3ria entre as na\u00e7\u00f5es, e todas me ver\u00e3o executar a minha justi\u00e7a e aplicar a minha m\u00e3o sobre eles\u201d (Ez 39, 21). E Jesus segue precisamente este caminho prof\u00e9tico. O primeiro passo \u00e9 a \u201creuni\u00e3o\u201d do povo de Israel, para que assim todas as na\u00e7\u00f5es, chamadas a reunirem-se na comunh\u00e3o com o Senhor, possam ver e crer.<br \/>\nAssim os Doze, chamados a participar na mesma miss\u00e3o de Jesus, cooperam com o Pastor dos \u00faltimos tempos, indo tamb\u00e9m eles, em primeiro lugar, at\u00e9 \u00e0s ovelhas perdidas da casa de Israel, isto \u00e9, dirigindo-se ao povo da promessa, cuja reuni\u00e3o \u00e9 o sinal de salva\u00e7\u00e3o para todos os povos, o in\u00edcio da universaliza\u00e7\u00e3o da Alian\u00e7a. Longe de contradizer a abertura universalista da a\u00e7\u00e3o messi\u00e2nica do Nazareno, a inicial limita\u00e7\u00e3o a Israel da sua miss\u00e3o e da dos Doze torna-se assim o seu sinal prof\u00e9tico mais eficaz. Depois da paix\u00e3o e da ressurrei\u00e7\u00e3o de Cristo este sinal ser\u00e1 esclarecido: o car\u00e1ter universal da miss\u00e3o dos Ap\u00f3stolos tornar-se-\u00e1 mais expl\u00edcito. Cristo enviar\u00e1 os Ap\u00f3stolos \u201ca todo o mundo\u201d (Mc 16, 15), a \u201ctodas as na\u00e7\u00f5es\u201d (Mt 28, 19); (Lc 24, 47), \u201cat\u00e9 aos extremos confins da terra\u201d (At 1, 8). E esta miss\u00e3o continua. Continua sempre o mandato do Senhor de reunir os povos na unidade do seu amor. Esta \u00e9 a nossa esperan\u00e7a e este \u00e9 tamb\u00e9m o nosso mandato: contribuir para esta universalidade, para esta verdadeira unidade na riqueza das culturas, em comunh\u00e3o com o nosso verdadeiro Senhor Jesus Cristo.<br \/>\nA segunda leitura(cf. 1Cor 7,29-31) convida o crist\u00e3o a ter consci\u00eancia de que \u201co tempo \u00e9 breve\u201d \u2013 isto \u00e9, que as realidades e valores deste mundo s\u00e3o passageiros e n\u00e3o devem ser absolutizados. Deus convida cada crist\u00e3o, em marcha pela hist\u00f3ria, a viver de olhos postos no mundo futuro \u2013 quer dizer, a dar prioridade aos valores eternos, a converter-se aos valores do \u201cReino\u201d.<br \/>\nO mesmo convite de Jesus aos ap\u00f3stolos para que fossem pescadores de homens \u00e9 feito a cada um dos batizados. Particularmente neste ano do Laicato, por desejo da CNBB, lembramos que todos os batizados t\u00eam o dever urgente de anunciar o Evangelho e pregar o chamado universal da convers\u00e3o. As palavras de Jesus v\u00e3o nos acompanhar nesta semana para vivermos uma vida renovada: \u201cO tempo j\u00e1 se completou e o Reino de Deus est\u00e1 pr\u00f3ximo. Convertei-vos e crede no Evangelho!\u201d(cf. Mc 1,15).<br \/>\nVamos nos aproximar do confession\u00e1rio e buscar a gra\u00e7a de Deus. Pe\u00e7amos perd\u00e3o de nossos pecados! Jesus n\u00e3o desiste de nenhum dos seus filhos. Ele nos ama. Ele nos chama. Ele nos confirma na miss\u00e3o de testemunh\u00e1-lo com uma vida santa nos novos are\u00f3pagos do mundo contempor\u00e2neo. Pela vit\u00f3ria de Jesus sobre o pecado e a morte vivamos, neste mundo, com os olhos fixos nas realidades celestes para que sejamos, em Cristo Ressuscitado, sermos participantes de Seu glorioso triunfo sobre o mal.<\/p>\n","protected":false},"excerpt":{"rendered":"<p>A liturgia do 3\u00ba Domingo do Tempo Comum nos prop\u00f5e a continua\u00e7\u00e3o da reflex\u00e3o iniciada no passado domingo. Recorda, uma vez mais, que Deus ama cada homem e cada mulher e chama-o \u00e0 vida plena e verdadeira. A resposta do homem ao chamamento de Deus passa por um caminho de convers\u00e3o pessoal e de identifica\u00e7\u00e3o [&hellip;]<\/p>\n","protected":false},"author":10,"featured_media":32785,"comment_status":"open","ping_status":"closed","sticky":false,"template":"","format":"standard","meta":{"footnotes":""},"categories":[9],"tags":[],"class_list":["post-37954","post","type-post","status-publish","format-standard","has-post-thumbnail","hentry","category-artigos"],"_links":{"self":[{"href":"https:\/\/catolicanet.net\/wp-cnet\/wp-json\/wp\/v2\/posts\/37954","targetHints":{"allow":["GET"]}}],"collection":[{"href":"https:\/\/catolicanet.net\/wp-cnet\/wp-json\/wp\/v2\/posts"}],"about":[{"href":"https:\/\/catolicanet.net\/wp-cnet\/wp-json\/wp\/v2\/types\/post"}],"author":[{"embeddable":true,"href":"https:\/\/catolicanet.net\/wp-cnet\/wp-json\/wp\/v2\/users\/10"}],"replies":[{"embeddable":true,"href":"https:\/\/catolicanet.net\/wp-cnet\/wp-json\/wp\/v2\/comments?post=37954"}],"version-history":[{"count":1,"href":"https:\/\/catolicanet.net\/wp-cnet\/wp-json\/wp\/v2\/posts\/37954\/revisions"}],"predecessor-version":[{"id":37955,"href":"https:\/\/catolicanet.net\/wp-cnet\/wp-json\/wp\/v2\/posts\/37954\/revisions\/37955"}],"wp:featuredmedia":[{"embeddable":true,"href":"https:\/\/catolicanet.net\/wp-cnet\/wp-json\/wp\/v2\/media\/32785"}],"wp:attachment":[{"href":"https:\/\/catolicanet.net\/wp-cnet\/wp-json\/wp\/v2\/media?parent=37954"}],"wp:term":[{"taxonomy":"category","embeddable":true,"href":"https:\/\/catolicanet.net\/wp-cnet\/wp-json\/wp\/v2\/categories?post=37954"},{"taxonomy":"post_tag","embeddable":true,"href":"https:\/\/catolicanet.net\/wp-cnet\/wp-json\/wp\/v2\/tags?post=37954"}],"curies":[{"name":"wp","href":"https:\/\/api.w.org\/{rel}","templated":true}]}}