{"id":37926,"date":"2018-01-05T00:00:41","date_gmt":"2018-01-05T02:00:41","guid":{"rendered":"http:\/\/catolicanet.net\/wp-cnet\/?p=37926"},"modified":"2018-02-05T15:15:41","modified_gmt":"2018-02-05T17:15:41","slug":"manifestacao-de-jesus-as-nacoes","status":"publish","type":"post","link":"https:\/\/catolicanet.net\/wp-cnet\/manifestacao-de-jesus-as-nacoes\/","title":{"rendered":"Manifesta\u00e7\u00e3o de Jesus \u00e0s na\u00e7\u00f5es!"},"content":{"rendered":"<p>Desde muito pequenos aprendemos que o dia 06 de janeiro \u00e9 o dia da Epifania do Senhor. Neste ano da gra\u00e7a de 2018 ela ser\u00e1 celebrada no domingo seguinte, dia 07 de janeiro, em que se comemora a manifesta\u00e7\u00e3o de Jesus \u00e0s na\u00e7\u00f5es, figuradas pelos reis magos. O Dia de Reis, segundo a tradi\u00e7\u00e3o crist\u00e3, seria aquele em que Jesus Cristo rec\u00e9m-nascido recebera a visita de \u201cuns magos\u201d que, segundo o hagiol\u00f3gio foram tr\u00eas Reis Magos, e que ocorrera no dia 6 de janeiro. A data marca, para n\u00f3s cat\u00f3licos, o dia para a adora\u00e7\u00e3o aos Reis, que a tradi\u00e7\u00e3o surgida no s\u00e9culo VIII converteu nos santos Belchior, Gaspar e Baltazar. Nesta data, ainda, encerram-se os festejos natalinos \u2013 sendo o dia em que s\u00e3o desarmados os pres\u00e9pios e por conseguinte s\u00e3o retirados todos os enfeites natalinos.<br \/>\nTodo o tempo de Natal gira ao redor de tr\u00eas manifesta\u00e7\u00f5es de Cristo: o seu nascimento em Bel\u00e9m(manifesta\u00e7\u00e3o na carne), a adora\u00e7\u00e3o dos magos(manifesta\u00e7\u00e3o pela evangeliza\u00e7\u00e3o) e o Batismo no Jord\u00e3o por S\u00e3o Jo\u00e3o Batista(manifesta\u00e7\u00e3o pelos sacramentos). A liturgia deste domingo celebra a manifesta\u00e7\u00e3o de Jesus a todos os homens. Ele \u00e9 uma \u201cluz\u201d que se acende na noite do mundo e atrai a si todos os povos da terra. Cumprindo o projeto libertador que o Pai nos queria oferecer, essa \u201cluz\u201d encarnou na nossa hist\u00f3ria, iluminou os caminhos dos homens, conduziu-os ao encontro da salva\u00e7\u00e3o, da vida definitiva.<br \/>\nNa primeira leitura(Is 60,1-6) partilha a alegria da luz que chega e que nos ilumina com a sua gl\u00f3ria(Is 60,1.2) Isa\u00edas anuncia a chegada da luz salvadora de Deus, que transfigurar\u00e1 Jerusal\u00e9m e que atrair\u00e1 \u00e0 cidade de Deus povos de todo o mundo.<br \/>\nNa segunda leitura(Ef 3,2-3a.5-6) trata-se de um grande mist\u00e9rio que Deus \u201cacaba de revelar agora, pelo Esp\u00edrito\u201d(Ef 3,5) a todos n\u00f3s. S\u00e3o Paulo apresenta o projeto salvador de Deus como uma realidade que vai atingir toda a humanidade, juntando judeus e pag\u00e3os numa mesma comunidade de irm\u00e3os \u2013 a comunidade de Jesus.<br \/>\nNo Evangelho(Mt 2,1-12) iluminados pela vida de Cristo como os magos somos convidados a assumir com alegria renovada o nosso compromisso batismal no meio da Igreja, no meio das comunidades, sendo sal na terra e fermento no\u00a0 mundo. S\u00e3o Mateus nos faz ver a concretiza\u00e7\u00e3o dessa promessa: ao encontro de Jesus v\u00eam os \u201cmagos\u201d do oriente, representantes de todos os povos da terra. Atentos aos sinais da chegada do Messias, procuram-n\u2019O com esperan\u00e7a at\u00e9 O encontrar, reconhecem n\u2019Ele a \u201csalva\u00e7\u00e3o de Deus\u201d e aceitam-n\u2019O como \u201co Senhor\u201d. A salva\u00e7\u00e3o rejeitada pelos habitantes de Jerusal\u00e9m torna-se agora um dom que Deus oferece a todos os homens, sem excep\u00e7\u00e3o.<br \/>\nO tema da luz domina a solenidade do Natal e da Epifania, que antigamente e ainda hoje no Oriente estavam unidas numa s\u00f3 grande \u201cfesta das luzes\u201d. No sugestivo clima da Noite Santa apareceu a luz; nasceu Cristo \u201cluz dos povos\u201d. \u00c9 ele o \u201csol que surge do alto (cf. Lc, 1, 78). Sol vindo ao mundo para dissipar as trevas do mal e inund\u00e1-lo com o esplendor do amor divino. Escreve o evangelista Jo\u00e3o: \u201cO Verbo era a luz verdadeira que, vindo ao mundo, a todo o homem ilumina\u201d (1, 9). \u201cDeus \u00e9 luz\u201d, recorda sempre S\u00e3o Jo\u00e3o, sintetizando n\u00e3o uma teoria gn\u00f3stica, mas \u201ca mensagem que recebemos dele (1 Jo 1, 5), isto \u00e9 de Jesus. No Evangelho, ele lembra de novo a express\u00e3o recolhida dos l\u00e1bios do Mestre: \u201cEu sou a luz do mundo; quem Me segue n\u00e3o andar\u00e1 nas trevas, mas ter\u00e1 a luz da vida\u201d (Jo 8, 12).<br \/>\nFica candente para toda a Comunidade eclesial o or\u00e1culo do profeta Isa\u00edas, que escut\u00e1mos na primeira leitura: Levanta-te e resplandece, chegou a tua luz; a gl\u00f3ria do Senhor levanta-se sobre ti!\u2026 As na\u00e7\u00f5es caminhar\u00e3o \u00e0 tua luz, os reis, ao resplendor da tua aurora\u201d (Is 60, 1.3). Acolhendo Jesus, nossa Luz, sejamos como estrelas que o apontem para a humanidade ou levem a humanidade at\u00e9 Ele, para que o conhe\u00e7a e o adore, e o tenha como a Luz de sua vida. O ouro aponta Jesus como o Rei universal; o incenso, como Deus, Mas \u00e9 Rei e Deus pelo amor e servi\u00e7o sem reservas nem medidas, at\u00e9 o extremo da morte, lembrada pela mirra!<br \/>\nQue seguindo o exemplo de Belchior, Baltazar e Gaspar nossa vida seja uma peregrina\u00e7\u00e3o rumo a Bel\u00e9m, rumo ao lugar onde Cristo continua nascendo \u2013 no seio de nossas fam\u00edlias, de nossas comunidades. Vamos entregar a Jesus todos os nossos dons:\u00a0 ouro de nossa caridade, o incenso de nossas preces e a mirra de nossos sofrimentos e lutas pela dilata\u00e7\u00e3o do Reino de Deus, um Reino de Justi<\/p>\n","protected":false},"excerpt":{"rendered":"<p>Desde muito pequenos aprendemos que o dia 06 de janeiro \u00e9 o dia da Epifania do Senhor. Neste ano da gra\u00e7a de 2018 ela ser\u00e1 celebrada no domingo seguinte, dia 07 de janeiro, em que se comemora a manifesta\u00e7\u00e3o de Jesus \u00e0s na\u00e7\u00f5es, figuradas pelos reis magos. O Dia de Reis, segundo a tradi\u00e7\u00e3o crist\u00e3, [&hellip;]<\/p>\n","protected":false},"author":10,"featured_media":32785,"comment_status":"open","ping_status":"closed","sticky":false,"template":"","format":"standard","meta":{"footnotes":""},"categories":[9],"tags":[],"class_list":["post-37926","post","type-post","status-publish","format-standard","has-post-thumbnail","hentry","category-artigos"],"_links":{"self":[{"href":"https:\/\/catolicanet.net\/wp-cnet\/wp-json\/wp\/v2\/posts\/37926","targetHints":{"allow":["GET"]}}],"collection":[{"href":"https:\/\/catolicanet.net\/wp-cnet\/wp-json\/wp\/v2\/posts"}],"about":[{"href":"https:\/\/catolicanet.net\/wp-cnet\/wp-json\/wp\/v2\/types\/post"}],"author":[{"embeddable":true,"href":"https:\/\/catolicanet.net\/wp-cnet\/wp-json\/wp\/v2\/users\/10"}],"replies":[{"embeddable":true,"href":"https:\/\/catolicanet.net\/wp-cnet\/wp-json\/wp\/v2\/comments?post=37926"}],"version-history":[{"count":1,"href":"https:\/\/catolicanet.net\/wp-cnet\/wp-json\/wp\/v2\/posts\/37926\/revisions"}],"predecessor-version":[{"id":37927,"href":"https:\/\/catolicanet.net\/wp-cnet\/wp-json\/wp\/v2\/posts\/37926\/revisions\/37927"}],"wp:featuredmedia":[{"embeddable":true,"href":"https:\/\/catolicanet.net\/wp-cnet\/wp-json\/wp\/v2\/media\/32785"}],"wp:attachment":[{"href":"https:\/\/catolicanet.net\/wp-cnet\/wp-json\/wp\/v2\/media?parent=37926"}],"wp:term":[{"taxonomy":"category","embeddable":true,"href":"https:\/\/catolicanet.net\/wp-cnet\/wp-json\/wp\/v2\/categories?post=37926"},{"taxonomy":"post_tag","embeddable":true,"href":"https:\/\/catolicanet.net\/wp-cnet\/wp-json\/wp\/v2\/tags?post=37926"}],"curies":[{"name":"wp","href":"https:\/\/api.w.org\/{rel}","templated":true}]}}