{"id":37924,"date":"2018-01-05T00:00:10","date_gmt":"2018-01-05T02:00:10","guid":{"rendered":"http:\/\/catolicanet.net\/wp-cnet\/?p=37924"},"modified":"2018-02-05T15:14:04","modified_gmt":"2018-02-05T17:14:04","slug":"renascidos-e-perseverantes-no-amor-de-cristo","status":"publish","type":"post","link":"https:\/\/catolicanet.net\/wp-cnet\/renascidos-e-perseverantes-no-amor-de-cristo\/","title":{"rendered":"Renascidos e perseverantes no amor de Cristo!"},"content":{"rendered":"<p>O tempo do Natal encerra-se, nesta segunda-feira, dia 08 de janeiro de 2018 com a Festa do Batismo do Senhor. A liturgia tem como cen\u00e1rio de fundo o projeto salvador de Deus. No batismo de Jesus, por S\u00e3o Jo\u00e3o Batista, nas margens do Jord\u00e3o, revela-se o Filho amado de Deus, que veio ao mundo enviado pelo Pai, com a miss\u00e3o de salvar e libertar os homens. Cumprindo o projeto do Pai, Ele fez-se um de n\u00f3s, partilhou a nossa fragilidade e humanidade, libertou-nos do ego\u00edsmo e do pecado e empenhou-Se em promover-nos, para que pud\u00e9ssemos chegar \u00e0 vida em plenitude.<br \/>\nO Batismo de Jesus marca o in\u00edcio de seu minist\u00e9rio p\u00fablico. Jesus, o enviado do Pai, \u00e9 agora manifestado como seu Filho amado; e, com a un\u00e7\u00e3o do Santo Esp\u00edrito, \u00e9 investido da miss\u00e3o de Profeta, Sacerdote e Rei. Essa tr\u00edplice miss\u00e3o \u00e9 manifestada nas curas realizadas por Jesus, nos exorcismos, nos ensinamentos, e, sobretudo, no mist\u00e9rio pascal, em sua paix\u00e3o, morte e ressurrei\u00e7\u00e3o, para onde toda a sua atividade p\u00fablica aponta e onde essa atividade encontra o seu \u00e1pice.<br \/>\nA primeira leitura(Is 42,1-4.6-7) anuncia um misterioso \u201cServo\u201d, escolhido por Deus e enviado aos homens para instaurar um mundo de justi\u00e7a e de paz sem fim. Investido do Esp\u00edrito de Deus, ele concretizar\u00e1 essa miss\u00e3o com humildade e simplicidade, sem recorrer ao poder, \u00e0 imposi\u00e7\u00e3o, \u00e0 prepot\u00eancia, pois esses esquemas n\u00e3o s\u00e3o os de Deus. No Batismo de Jesus, ele \u00e9 manifestado ao mudo como o Filho de Deus, \u201cque n\u00e3o esmorecer\u00e1 nem se deixar\u00e1 abater, enquanto n\u00e3o restabelecer a justi\u00e7a na terra\u201d(cf. Is 42,4).<br \/>\nNo Evangelho(Mc 1,7-11), ressalta-se a concretiza\u00e7\u00e3o da promessa prof\u00e9tica: Jesus \u00e9 o Filho\/\u201dServo\u201d enviado pelo Pai, sobre quem repousa o Esp\u00edrito e cuja miss\u00e3o \u00e9 realizar a liberta\u00e7\u00e3o dos homens. Obedecendo ao Pai, Ele tornou-Se pessoa, identificou-Se com as fragilidades dos homens, caminhou ao lado deles, a fim de os promover e de os levar \u00e0 reconcilia\u00e7\u00e3o com Deus, \u00e0 vida em plenitude. No Batismo de Jesus, o Pai declara: \u201cTu \u00e9s o meu Filho amado, em ti ponho meu bem-querer!\u201d(Mc 1,11)<br \/>\nS\u00e3o Jo\u00e3o Batista sabia que por mais que o batismo nas \u00e1guas significasse que o interior do ser havia se conscientizado do pecado e do amor de Deus em implantar seu Reino entre os arrependidos, esse batismo n\u00e3o era suficiente para fazer o homem a mudar seu instinto natural ao pecado, necessitando da interven\u00e7\u00e3o divina na vida do ser, o que s\u00f3 se realizaria com o batismo com o Esp\u00edrito Santo que s\u00f3 Jesus pode promover.<br \/>\nPara que essa possibilidade se tornasse realidade, Jesus cumpriu o rito do batismo do arrependimento, mesmo sendo Ele um Rabi, que quer dizer Mestre. Esse batismo do arrependimento de Jesus foi tamb\u00e9m Seu batismo com e no Esp\u00edrito Santo, uma vez que o Esp\u00edrito Santo desceu como uma pomba sobre Ele. E uma voz se fez ouvir: Tu \u00e9s o meu Filho querido e me d\u00e1s muita alegria. Se Jesus sendo um dos mestres judaicos, em se \u201carrependendo\u201d e do ponto-de-vista demonstrado na b\u00edblia de que Cristo padeceu na carne do todo tipo de tenta\u00e7\u00e3o e inclina\u00e7\u00e3o carnal, portanto pass\u00edvel de arrependimento tamb\u00e9m como homem, abriu a possibilidade para que Deus desse de Seu Esp\u00edrito para Ele, ent\u00e3o essa possibilidade tamb\u00e9m est\u00e1 aberta a todos que assim o desejem! Esse objetivo divino -fazer com que Seu Esp\u00edrito fa\u00e7a habita\u00e7\u00e3o em todos os que se arrependem- \u00e9 cumprido em Cristo em seu batismo no Rio Jord\u00e3o. E o j\u00fabilo do Senhor em ver esse objetivo cumprido em Jesus \u00e9 traduzido por seu inesperado rompante declarando Sua alegria em ver seu filho amado cumprindo Sua vontade. O Esp\u00edrito Santo \u00e9 Deus nos guiando em toda a verdade, fazendo florescer os dons \u2013em especial o do amor- e dando-nos a capacita\u00e7\u00e3o para mudarmos nossa mentalidade corrompida, frutificando em obras e vida plena.<br \/>\nA segunda leitura(cf. At 10,34-38) reafirma que Jesus \u00e9 o Filho amado que o Pai enviou ao mundo para concretizar um projeto de salva\u00e7\u00e3o; por isso, Ele \u201cpassou pelo mundo fazendo o bem\u201d e libertando todos os que eram oprimidos. \u00c9 este o testemunho que os disc\u00edpulos devem dar, para que a salva\u00e7\u00e3o que Deus oferece chegue a todos os povos da terra.<br \/>\nRenovado as nossas promessas batismais, com nosso empenho de an\u00fancio, vivencia e testemunho do Evangelho possamos rezar: \u201cConcedei aos vossos filhos adotivos, renascidos da \u00e1gua e do Esp\u00edrito Santo, perseverar constantemente em vosso amor\u201d.<\/p>\n","protected":false},"excerpt":{"rendered":"<p>O tempo do Natal encerra-se, nesta segunda-feira, dia 08 de janeiro de 2018 com a Festa do Batismo do Senhor. A liturgia tem como cen\u00e1rio de fundo o projeto salvador de Deus. No batismo de Jesus, por S\u00e3o Jo\u00e3o Batista, nas margens do Jord\u00e3o, revela-se o Filho amado de Deus, que veio ao mundo enviado [&hellip;]<\/p>\n","protected":false},"author":10,"featured_media":32785,"comment_status":"open","ping_status":"closed","sticky":false,"template":"","format":"standard","meta":{"footnotes":""},"categories":[9],"tags":[],"class_list":["post-37924","post","type-post","status-publish","format-standard","has-post-thumbnail","hentry","category-artigos"],"_links":{"self":[{"href":"https:\/\/catolicanet.net\/wp-cnet\/wp-json\/wp\/v2\/posts\/37924","targetHints":{"allow":["GET"]}}],"collection":[{"href":"https:\/\/catolicanet.net\/wp-cnet\/wp-json\/wp\/v2\/posts"}],"about":[{"href":"https:\/\/catolicanet.net\/wp-cnet\/wp-json\/wp\/v2\/types\/post"}],"author":[{"embeddable":true,"href":"https:\/\/catolicanet.net\/wp-cnet\/wp-json\/wp\/v2\/users\/10"}],"replies":[{"embeddable":true,"href":"https:\/\/catolicanet.net\/wp-cnet\/wp-json\/wp\/v2\/comments?post=37924"}],"version-history":[{"count":1,"href":"https:\/\/catolicanet.net\/wp-cnet\/wp-json\/wp\/v2\/posts\/37924\/revisions"}],"predecessor-version":[{"id":37925,"href":"https:\/\/catolicanet.net\/wp-cnet\/wp-json\/wp\/v2\/posts\/37924\/revisions\/37925"}],"wp:featuredmedia":[{"embeddable":true,"href":"https:\/\/catolicanet.net\/wp-cnet\/wp-json\/wp\/v2\/media\/32785"}],"wp:attachment":[{"href":"https:\/\/catolicanet.net\/wp-cnet\/wp-json\/wp\/v2\/media?parent=37924"}],"wp:term":[{"taxonomy":"category","embeddable":true,"href":"https:\/\/catolicanet.net\/wp-cnet\/wp-json\/wp\/v2\/categories?post=37924"},{"taxonomy":"post_tag","embeddable":true,"href":"https:\/\/catolicanet.net\/wp-cnet\/wp-json\/wp\/v2\/tags?post=37924"}],"curies":[{"name":"wp","href":"https:\/\/api.w.org\/{rel}","templated":true}]}}