{"id":37920,"date":"2018-01-04T00:00:52","date_gmt":"2018-01-04T02:00:52","guid":{"rendered":"http:\/\/catolicanet.net\/wp-cnet\/?p=37920"},"modified":"2018-02-05T15:10:45","modified_gmt":"2018-02-05T17:10:45","slug":"principios-para-viver-bem","status":"publish","type":"post","link":"https:\/\/catolicanet.net\/wp-cnet\/principios-para-viver-bem\/","title":{"rendered":"Princ\u00edpios para viver bem"},"content":{"rendered":"<p>Multiplicam-se os livros de autoajuda e isto mostra a inseguran\u00e7a na qual muitos vivem. O objetivo deste texto \u00e9 igualmente auxiliar visando uma vida feliz para aqueles que se deixam envolver em pensamentos negativos, destrutivos Desejar sa\u00fade, felicidade, paz de esp\u00edrito deve ser o primeiro passo rumo \u00e0 imperturbabilidade interior. A quest\u00e3o \u00e9 transformar a aspira\u00e7\u00e3o em realidade, lutando contra o fracasso, o sofrimento, a frustra\u00e7\u00e3o. Grande o poder do pensamento positivo que atua no subconsciente afastando atitudes contraproducentes, expulsando as trevas e fobias. Trata-se de n\u00e3o viver trancado no medo, impedindo a capacidade que se tem de acordo com o perfil caracterol\u00f3gico pessoal. Nada de uma exist\u00eancia in\u00fatil, sem esperan\u00e7as. Nunca se medita demais nas s\u00e1bias palavras do Ap\u00f3stolo Paulo: \u201cTudo o que for verdadeiro, tudo o que for nobre, tudo o que for correto, tudo o que for puro, tudo o que for am\u00e1vel, tudo o que for de boa fama, se houver algo de excelente ou digno de louvor, pensem nessas coisas\u201d (Fil 4,8). Eis a\u00ed uma maneira maravilhosa para desanuviar a mente. Estes pensamentos causam bem estar \u00edntimo e resultam em efeitos maravilhosos. \u00c9 alterando o que est\u00e1 na mente que se d\u00e1 rumos corretos no dia a dia. \u00c9 uma atitude s\u00e1bia movimentar as energias interiores, correspondendo \u00e0s luzes divinas imploradas numa prece confiante. Jesus afirmou: \u201cSem mim nada podeis fazer\u201d (Jo 5,30). Isto significa que com sua prote\u00e7\u00e3o tudo de bom vai ocorrer. \u00c9 crer em sua promessa e o objetivo de uma vida saud\u00e1vel \u00e9 obtido infalivelmente. Ali\u00e1s, o salmista asseverou: \u201cCom Deus faremos proezas\u201d(Sl 108,13). Quem nisto cr\u00ea cria um estado de esp\u00edrito que causa imperturbabilidade. Quem est\u00e1 unido a seu Criador provoca um clima de liberdade e felicidade completas. Nada de preocupa\u00e7\u00f5es, mas, sim, atmosfera de seguran\u00e7a. O padr\u00e3o de vida feliz de uma pessoa \u00e9 conseguido com esta terapia de imers\u00e3o no oceano da bondade daquele que tudo pode e tudo de bom deseja para quem passa sua exist\u00eancia \u00e0 sua sombra benfazeja. Claras as mensagens do salmo 90: &#8220;Ele te cobrir\u00e1 com suas plumas, sob suas asas encontrar\u00e1s ref\u00fagio. Sua fidelidade te ser\u00e1 um escudo de prote\u00e7\u00e3o. Tu n\u00e3o temer\u00e1s os terrores noturnos, nem a flecha que voa \u00e0 luz do dia, nem a peste que se propaga nas trevas, nem o mal que grassa ao meio-dia\u201d (Sl 90,5-6). Quem mentaliza tamb\u00e9m este trecho escapa da engrenagem de todas as ang\u00fastias. Sente-se feliz, cheio de vigor. N\u00e3o bloqueia sua riqueza interior e foge das car\u00eancias ilus\u00f3rias cotidianas. Nada mais saud\u00e1vel do que gravar na mente ideias otimistas, construtivas, pois elas s\u00e3o geradoras de prosperidade. Ajuda-te que o c\u00e9u te ajudar\u00e1. Jesus foi claro: \u201cTudo que na ora\u00e7\u00e3o pedirdes, crede\u00a0 que recebestes e vos ser\u00e1 dado\u201d (Mc 11,245). Eis a\u00ed uma t\u00e9cnica espiritual ensinada pelo Mestre divino. Nunca se enfatiza demais o poder da f\u00e9 na onipot\u00eancia do Pai celeste. Ideais sublimes acendem al\u00edvio e tranquilidade. Eis por que Davi deixou este s\u00e1bio lembrete: \u201cEm todas as nossas obras, Deus age por n\u00f3s\u201d\u00a0 (Sl 26,12), portanto longe do cora\u00e7\u00e3o tudo que \u00e9 contraproducente. O mesmo salmista recomenda: \u201cN\u00e3o te inquietes, disto n\u00e3o viria sen\u00e3o o mal\u201d (Sl 36,80. Necess\u00e1ria ent\u00e3o esta prece: \u201cSenhor, unifica o meu cora\u00e7\u00e3o para que ele tema teu nome\u201d (Sl 85,11). Este pedido impede que se cultive ao mesmo tempo alegria e tristeza, j\u00fabilo e ang\u00fastia, gaudio e afli\u00e7\u00e3o. Ent\u00e3o a serenidade do crist\u00e3o \u00e9 conhecida por todos. Este est\u00e1 certo que o dia de Deus \u00e9 o Deus de todo o dia, o qual \u00e9 uma rocha inquebrant\u00e1vel, fonte de toda a eutimia. Ele concede a todos a liberdade e o ser racional tem a aptid\u00e3o de optar pela\u00a0 pela cordialidade construindo uma personalidade voltada para grandes feitos.. O aut\u00eantico disc\u00edpulo de Cristo nunca esquece a advert\u00eancia de S\u00e3o Paulo: \u201cAlegrai-vos sempre no Senhor. Repito: alegrai-vos! Seja conhecida de todos os homens a vossa bondade. O Senhor est\u00e1 pr\u00f3ximo. N\u00e3o vos inquieteis com nada!\u201d<\/p>\n","protected":false},"excerpt":{"rendered":"<p>Multiplicam-se os livros de autoajuda e isto mostra a inseguran\u00e7a na qual muitos vivem. O objetivo deste texto \u00e9 igualmente auxiliar visando uma vida feliz para aqueles que se deixam envolver em pensamentos negativos, destrutivos Desejar sa\u00fade, felicidade, paz de esp\u00edrito deve ser o primeiro passo rumo \u00e0 imperturbabilidade interior. A quest\u00e3o \u00e9 transformar a [&hellip;]<\/p>\n","protected":false},"author":7,"featured_media":32782,"comment_status":"open","ping_status":"closed","sticky":false,"template":"","format":"standard","meta":{"footnotes":""},"categories":[9],"tags":[],"class_list":["post-37920","post","type-post","status-publish","format-standard","has-post-thumbnail","hentry","category-artigos"],"_links":{"self":[{"href":"https:\/\/catolicanet.net\/wp-cnet\/wp-json\/wp\/v2\/posts\/37920","targetHints":{"allow":["GET"]}}],"collection":[{"href":"https:\/\/catolicanet.net\/wp-cnet\/wp-json\/wp\/v2\/posts"}],"about":[{"href":"https:\/\/catolicanet.net\/wp-cnet\/wp-json\/wp\/v2\/types\/post"}],"author":[{"embeddable":true,"href":"https:\/\/catolicanet.net\/wp-cnet\/wp-json\/wp\/v2\/users\/7"}],"replies":[{"embeddable":true,"href":"https:\/\/catolicanet.net\/wp-cnet\/wp-json\/wp\/v2\/comments?post=37920"}],"version-history":[{"count":1,"href":"https:\/\/catolicanet.net\/wp-cnet\/wp-json\/wp\/v2\/posts\/37920\/revisions"}],"predecessor-version":[{"id":37921,"href":"https:\/\/catolicanet.net\/wp-cnet\/wp-json\/wp\/v2\/posts\/37920\/revisions\/37921"}],"wp:featuredmedia":[{"embeddable":true,"href":"https:\/\/catolicanet.net\/wp-cnet\/wp-json\/wp\/v2\/media\/32782"}],"wp:attachment":[{"href":"https:\/\/catolicanet.net\/wp-cnet\/wp-json\/wp\/v2\/media?parent=37920"}],"wp:term":[{"taxonomy":"category","embeddable":true,"href":"https:\/\/catolicanet.net\/wp-cnet\/wp-json\/wp\/v2\/categories?post=37920"},{"taxonomy":"post_tag","embeddable":true,"href":"https:\/\/catolicanet.net\/wp-cnet\/wp-json\/wp\/v2\/tags?post=37920"}],"curies":[{"name":"wp","href":"https:\/\/api.w.org\/{rel}","templated":true}]}}