{"id":37918,"date":"2018-01-02T00:00:40","date_gmt":"2018-01-02T02:00:40","guid":{"rendered":"http:\/\/catolicanet.net\/wp-cnet\/?p=37918"},"modified":"2018-02-05T15:09:29","modified_gmt":"2018-02-05T17:09:29","slug":"obrigado-o-deus","status":"publish","type":"post","link":"https:\/\/catolicanet.net\/wp-cnet\/obrigado-o-deus\/","title":{"rendered":"Obrigado, \u00f3 Deus!"},"content":{"rendered":"<p>Que fique sempre gravado na nossa mente o an\u00fancio do anjo aos pastores: o da enorme alegria do nascimento do Salvador da humanidade. Pensemos tamb\u00e9m no envolvente e misterioso acontecimento, que, no Oriente, lugar bem distante e long\u00ednquo, surge a maravilha da estrela, com a miss\u00e3o de comunicar aos magos o nascimento da verdadeira Estrela da humanidade. Ent\u00e3o somos convidados a perceber os sinais insond\u00e1veis do Deus infinitamente bom no surgimento dessa estrela como revela\u00e7\u00e3o do Seu plano salvador.<br \/>\nAlicer\u00e7ados nos valores do Evangelho, agradecidos e pensando nas coisas boas que Deus nos concedeu, bem dentro do esp\u00edrito esperan\u00e7oso do Natal, como no exemplo dos magos, que se deixaram ser guiados pela estrela, experimentemos a Sua ternura neste ano de 2018, no convite feito \u00e0s pessoas de boa vontade: o de \u201cparticipar da divindade daquele que uniu a Deus nossa humanidade\u201d. Ele \u00e9 a verdadeira estrela a iluminar todas as fam\u00edlias, convidadas que s\u00e3o a superar dificuldades e desafios e participar das verdadeiras alegrias e esperan\u00e7as de Deus.<br \/>\nA luz da vida \u00e9 Jesus Cristo, que faz o mesmo caminho dos seres humanos, nascendo numa fam\u00edlia, recebendo edificantes elogios do velho Sime\u00e3o e da profetisa Ana. Ele quer iluminar e aquecer os que andam na escurid\u00e3o e na sombra da morte, na for\u00e7a transformadora que se revelou h\u00e1 mais de dois mil anos em uma crian\u00e7a, sobretudo atrav\u00e9s daquele velho e esperan\u00e7oso Sime\u00e3o, figura sui generis e homem do povo de ent\u00e3o, e quer ver nossos cora\u00e7\u00f5es cheios de esperan\u00e7a, confortados e consolados num Deus de comovedora ternura.<br \/>\nNa acolhida da crian\u00e7a, colocando-a nos bra\u00e7os, \u00e9 como uma revela\u00e7\u00e3o no \u00edntimo das pessoas, que no mist\u00e9rio da encarna\u00e7\u00e3o exigem-se mudan\u00e7as profundas, numa rela\u00e7\u00e3o estreita e de tal modo convertida ao alegre an\u00fancio do nascimento do Salvador. Gravemos e acolhamos no sil\u00eancio do cora\u00e7\u00e3o t\u00e3o excelso mist\u00e9rio, nas marcas de generosidade, ren\u00fancia e doa\u00e7\u00e3o! Que nossa s\u00faplica suba ao bom Deus, numa fervorosa ora\u00e7\u00e3o de a\u00e7\u00e3o de gra\u00e7as, como seguidores de Jesus de Nazar\u00e9, convidados a dar continuidade \u00e0 obra por Ele instaurada. Am\u00e9m!<\/p>\n","protected":false},"excerpt":{"rendered":"<p>Que fique sempre gravado na nossa mente o an\u00fancio do anjo aos pastores: o da enorme alegria do nascimento do Salvador da humanidade. Pensemos tamb\u00e9m no envolvente e misterioso acontecimento, que, no Oriente, lugar bem distante e long\u00ednquo, surge a maravilha da estrela, com a miss\u00e3o de comunicar aos magos o nascimento da verdadeira Estrela [&hellip;]<\/p>\n","protected":false},"author":6,"featured_media":32779,"comment_status":"open","ping_status":"closed","sticky":false,"template":"","format":"standard","meta":{"footnotes":""},"categories":[9],"tags":[],"class_list":["post-37918","post","type-post","status-publish","format-standard","has-post-thumbnail","hentry","category-artigos"],"_links":{"self":[{"href":"https:\/\/catolicanet.net\/wp-cnet\/wp-json\/wp\/v2\/posts\/37918","targetHints":{"allow":["GET"]}}],"collection":[{"href":"https:\/\/catolicanet.net\/wp-cnet\/wp-json\/wp\/v2\/posts"}],"about":[{"href":"https:\/\/catolicanet.net\/wp-cnet\/wp-json\/wp\/v2\/types\/post"}],"author":[{"embeddable":true,"href":"https:\/\/catolicanet.net\/wp-cnet\/wp-json\/wp\/v2\/users\/6"}],"replies":[{"embeddable":true,"href":"https:\/\/catolicanet.net\/wp-cnet\/wp-json\/wp\/v2\/comments?post=37918"}],"version-history":[{"count":1,"href":"https:\/\/catolicanet.net\/wp-cnet\/wp-json\/wp\/v2\/posts\/37918\/revisions"}],"predecessor-version":[{"id":37919,"href":"https:\/\/catolicanet.net\/wp-cnet\/wp-json\/wp\/v2\/posts\/37918\/revisions\/37919"}],"wp:featuredmedia":[{"embeddable":true,"href":"https:\/\/catolicanet.net\/wp-cnet\/wp-json\/wp\/v2\/media\/32779"}],"wp:attachment":[{"href":"https:\/\/catolicanet.net\/wp-cnet\/wp-json\/wp\/v2\/media?parent=37918"}],"wp:term":[{"taxonomy":"category","embeddable":true,"href":"https:\/\/catolicanet.net\/wp-cnet\/wp-json\/wp\/v2\/categories?post=37918"},{"taxonomy":"post_tag","embeddable":true,"href":"https:\/\/catolicanet.net\/wp-cnet\/wp-json\/wp\/v2\/tags?post=37918"}],"curies":[{"name":"wp","href":"https:\/\/api.w.org\/{rel}","templated":true}]}}