{"id":3790,"date":"2013-12-20T17:00:50","date_gmt":"2013-12-20T19:00:50","guid":{"rendered":"http:\/\/catolicanet.net\/wp-cnet\/nicaragua-bispo-defende-dignidade-dos-detentos\/"},"modified":"2017-03-24T15:18:53","modified_gmt":"2017-03-24T18:18:53","slug":"nicaragua-bispo-defende-dignidade-dos-detentos","status":"publish","type":"post","link":"https:\/\/catolicanet.net\/wp-cnet\/nicaragua-bispo-defende-dignidade-dos-detentos\/","title":{"rendered":"Nicar\u00e1gua: bispo defende dignidade dos detentos"},"content":{"rendered":"<p style=\"text-align: justify;\">Diante da superlota\u00e7\u00e3o, das m\u00e1s condi\u00e7\u00f5es nas pris\u00f5es do pa\u00eds e os casos de abusos nos c\u00e1rceres de Juigalpa, o Bispo de Juigalpa, Nicar\u00e1gua, (regi\u00e3o de San Juan e Rio Chontales), Dom Ren\u00e9 S\u00f3crates Sandigo Jir\u00f3n, sugeriu ao Ministro do Governo, Ana Isabel Morales, de promover um di\u00e1logo nacional para enfrentar a quest\u00e3o, com a finalidade de unir os esfor\u00e7os na busca de solu\u00e7\u00f5es adequadas.<\/p>\n<p>Em comunicado enviado \u00e0 ag\u00eancia Fides por uma fonte local, l\u00ea-se: \u201cAs pris\u00f5es s\u00e3o uma bomba-rel\u00f3gio, e, apesar disso, a Igreja Cat\u00f3lica, ao longo dos anos sempre deu o seu apoio para resolver as exig\u00eancias dos prisioneiros\u201d. Dom Sandigo Jir\u00f3n acrescenta: \u201cantes havia uma maior disponibilidade dos fi\u00e9is para este tipo de empenho e ajuda. Hoje o canal de acesso tem muitos obst\u00e1culos, e isso fez com que muitos volunt\u00e1rios perdessem o entusiasmo, ficassem desapontados e portanto, diminuem as ajudas\u201d.<\/p>\n<p>O bispo insiste na necessidade de \u201cabrir-se ao di\u00e1logo em busca de uma solu\u00e7\u00e3o. Hoje devemos agradecer as informa\u00e7\u00f5es que vem de dentro, porque h\u00e1 um jornalismo investigativo que destaca essas situa\u00e7\u00f5es\u201d. Por fim, lembra que a Igreja tem uma grande preocupa\u00e7\u00e3o pastoral para com toda a popula\u00e7\u00e3o, mas a pastoral nos c\u00e1rceres \u00e9 uma das mais importantes.<\/p>\n<p>Na Nicar\u00e1gua a Igreja Cat\u00f3lica, com seus agentes de pastoral, est\u00e1 sempre presente nas pris\u00f5es, n\u00e3o s\u00f3 para a assist\u00eancia aos presos, mas tamb\u00e9m na defesa dos seus direitos. A partir das not\u00edcias recolhidas pela ag\u00eancia Fides, a situa\u00e7\u00e3o nas pris\u00f5es \u00e9 muito dif\u00edcil: nas celas constru\u00eddas para 5 ou 7 pessoas vivem 40. Os prisioneiros t\u00eam at\u00e9 mesmo que dormir em turnos, porque n\u00e3o h\u00e1 nenhum lugar, exceto no p\u00e9 (em Rivas ). H\u00e1 lugares como Juigalpa, Granada, Chinandega, Jinotega e Tipitapa onde a popula\u00e7\u00e3o carcer\u00e1ria est\u00e1 muito acima da m\u00e9dia. Parece que somente na capital a situa\u00e7\u00e3o est\u00e1 sob controle.<\/p>\n<p style=\"text-align: justify;\">\u00a0<\/p>\n<p style=\"text-align: justify;\"><strong>Local: Juigalpa<br \/>Fonte: R\u00e1dio Vaticano<\/strong><\/p>\n","protected":false},"excerpt":{"rendered":"<p>Diante da superlota\u00e7\u00e3o, das m\u00e1s condi\u00e7\u00f5es nas pris\u00f5es do pa\u00eds e os casos de abusos nos c\u00e1rceres de Juigalpa, o Bispo de Juigalpa, Nicar\u00e1gua, (regi\u00e3o de San Juan e Rio Chontales), Dom Ren\u00e9 S\u00f3crates Sandigo Jir\u00f3n, sugeriu ao Ministro do Governo, Ana Isabel Morales, de promover um di\u00e1logo nacional para enfrentar a quest\u00e3o, com a [&hellip;]<\/p>\n","protected":false},"author":1,"featured_media":0,"comment_status":"closed","ping_status":"closed","sticky":false,"template":"","format":"standard","meta":{"footnotes":""},"categories":[3],"tags":[],"class_list":["post-3790","post","type-post","status-publish","format-standard","hentry","category-vaticano"],"_links":{"self":[{"href":"https:\/\/catolicanet.net\/wp-cnet\/wp-json\/wp\/v2\/posts\/3790","targetHints":{"allow":["GET"]}}],"collection":[{"href":"https:\/\/catolicanet.net\/wp-cnet\/wp-json\/wp\/v2\/posts"}],"about":[{"href":"https:\/\/catolicanet.net\/wp-cnet\/wp-json\/wp\/v2\/types\/post"}],"author":[{"embeddable":true,"href":"https:\/\/catolicanet.net\/wp-cnet\/wp-json\/wp\/v2\/users\/1"}],"replies":[{"embeddable":true,"href":"https:\/\/catolicanet.net\/wp-cnet\/wp-json\/wp\/v2\/comments?post=3790"}],"version-history":[{"count":1,"href":"https:\/\/catolicanet.net\/wp-cnet\/wp-json\/wp\/v2\/posts\/3790\/revisions"}],"predecessor-version":[{"id":8062,"href":"https:\/\/catolicanet.net\/wp-cnet\/wp-json\/wp\/v2\/posts\/3790\/revisions\/8062"}],"wp:attachment":[{"href":"https:\/\/catolicanet.net\/wp-cnet\/wp-json\/wp\/v2\/media?parent=3790"}],"wp:term":[{"taxonomy":"category","embeddable":true,"href":"https:\/\/catolicanet.net\/wp-cnet\/wp-json\/wp\/v2\/categories?post=3790"},{"taxonomy":"post_tag","embeddable":true,"href":"https:\/\/catolicanet.net\/wp-cnet\/wp-json\/wp\/v2\/tags?post=3790"}],"curies":[{"name":"wp","href":"https:\/\/api.w.org\/{rel}","templated":true}]}}