{"id":37887,"date":"2017-12-24T00:00:22","date_gmt":"2017-12-24T02:00:22","guid":{"rendered":"http:\/\/catolicanet.net\/wp-cnet\/?p=37887"},"modified":"2018-02-02T11:46:41","modified_gmt":"2018-02-02T13:46:41","slug":"tempo-de-superar-diferencas","status":"publish","type":"post","link":"https:\/\/catolicanet.net\/wp-cnet\/tempo-de-superar-diferencas\/","title":{"rendered":"Tempo de superar diferen\u00e7as"},"content":{"rendered":"<p><img decoding=\"async\" class=\"alignleft\" src=\"http:\/\/www.catolicanet.com.br\/images\/stories\/artigos\/7b640mfh.jpg\" \/>Osvaldo Luiz Silva<\/p>\n<p>Sim, este \u00e9 um texto de Natal! Um daqueles artigos que exalta o clima amistoso e festivo, da \u00e9poca, como possibilidade de reaproxima\u00e7\u00e3o dos parentes, amigos, mas, tamb\u00e9m de tr\u00e9gua com os inimigos.<\/p>\n<p>N\u00e3o, n\u00e3o irei propor que voc\u00ea abandone suas convic\u00e7\u00f5es, cren\u00e7as. Passar por cima de sua hist\u00f3ria, de sua forma\u00e7\u00e3o. Cada ser humano \u00e9 \u00fanico, essencialmente diferente, e essa \u201cimpress\u00e3o digital\u201d, essa identidade, \u00e9 uma riqueza incalcul\u00e1vel.<\/p>\n<p>N\u00e3o se repete um ser humano. E isso diz tamb\u00e9m de uma inevit\u00e1vel solid\u00e3o. Nasce-se s\u00f3 e, quando a cortina da vida fecha, deixa-se o palco, sob aplausos, s\u00f3. N\u00e3o h\u00e1 que temer esse \u201ccantinho sem ningu\u00e9m\u201d, o sil\u00eancio. Ele \u00e9 que consolida a exist\u00eancia e, para quem cr\u00ea, revela uma presen\u00e7a suave, profunda, com quem se quer \u201cs\u00f3 contigo (eu) ficar\u201d.<\/p>\n<p>Sim, apesar disso tudo que se v\u00ea nas redes sociais, das perspectivas pol\u00edticas de um novo ano eleitoral, de todas as raz\u00f5es para discordar e perder a paci\u00eancia e, apesar de n\u00e3o podermos ser ing\u00eanuos, a proposta \u00e9: \u201cdar as m\u00e3os\u201d. Abra\u00e7ar de verdade, beijar, perdoar, \u201clavar a alma\u201d, se dar esse presente. O tempo no qual vivemos est\u00e1 frio demais, violento demais, chato demais. Esse Brasil est\u00e1 irreconhec\u00edvel e pior: menos alegre, amistoso, acolhedor.<\/p>\n<p>Qual o problema do outro ter raz\u00e3o, s\u00f3 uma vez? Diga pra ele s\u00f3 hoje: \u201cvoc\u00ea est\u00e1 certinho\u201d. O mundo n\u00e3o vai acabar por isso. Mas sua fam\u00edlia, com este gesto, pode ter um recome\u00e7o. E, ao nos permitirmos um passo diferente, talvez, quem sabe, reencontremos o nosso melhor.<\/p>\n<p>Feliz Natal!<\/p>\n<p>Osvaldo Luiz Silva \u00e9 jornalista, autor dos livros \u201cTernura de Deus\u201d e \u201cA vida \u00e9 caminhar\u201d, pela Editora Can\u00e7\u00e3o Nova, editor da Revista Can\u00e7\u00e3o Nova e Presidente da Academia Cachoeirense de Letras e Artes (ACLA), em Cachoeira Paulista (SP).<\/p>\n","protected":false},"excerpt":{"rendered":"<p>Osvaldo Luiz Silva Sim, este \u00e9 um texto de Natal! Um daqueles artigos que exalta o clima amistoso e festivo, da \u00e9poca, como possibilidade de reaproxima\u00e7\u00e3o dos parentes, amigos, mas, tamb\u00e9m de tr\u00e9gua com os inimigos. N\u00e3o, n\u00e3o irei propor que voc\u00ea abandone suas convic\u00e7\u00f5es, cren\u00e7as. Passar por cima de sua hist\u00f3ria, de sua forma\u00e7\u00e3o. [&hellip;]<\/p>\n","protected":false},"author":1,"featured_media":33404,"comment_status":"open","ping_status":"closed","sticky":false,"template":"","format":"standard","meta":{"footnotes":""},"categories":[9],"tags":[],"class_list":["post-37887","post","type-post","status-publish","format-standard","has-post-thumbnail","hentry","category-artigos"],"_links":{"self":[{"href":"https:\/\/catolicanet.net\/wp-cnet\/wp-json\/wp\/v2\/posts\/37887","targetHints":{"allow":["GET"]}}],"collection":[{"href":"https:\/\/catolicanet.net\/wp-cnet\/wp-json\/wp\/v2\/posts"}],"about":[{"href":"https:\/\/catolicanet.net\/wp-cnet\/wp-json\/wp\/v2\/types\/post"}],"author":[{"embeddable":true,"href":"https:\/\/catolicanet.net\/wp-cnet\/wp-json\/wp\/v2\/users\/1"}],"replies":[{"embeddable":true,"href":"https:\/\/catolicanet.net\/wp-cnet\/wp-json\/wp\/v2\/comments?post=37887"}],"version-history":[{"count":1,"href":"https:\/\/catolicanet.net\/wp-cnet\/wp-json\/wp\/v2\/posts\/37887\/revisions"}],"predecessor-version":[{"id":37888,"href":"https:\/\/catolicanet.net\/wp-cnet\/wp-json\/wp\/v2\/posts\/37887\/revisions\/37888"}],"wp:featuredmedia":[{"embeddable":true,"href":"https:\/\/catolicanet.net\/wp-cnet\/wp-json\/wp\/v2\/media\/33404"}],"wp:attachment":[{"href":"https:\/\/catolicanet.net\/wp-cnet\/wp-json\/wp\/v2\/media?parent=37887"}],"wp:term":[{"taxonomy":"category","embeddable":true,"href":"https:\/\/catolicanet.net\/wp-cnet\/wp-json\/wp\/v2\/categories?post=37887"},{"taxonomy":"post_tag","embeddable":true,"href":"https:\/\/catolicanet.net\/wp-cnet\/wp-json\/wp\/v2\/tags?post=37887"}],"curies":[{"name":"wp","href":"https:\/\/api.w.org\/{rel}","templated":true}]}}