{"id":37875,"date":"2017-12-21T09:32:43","date_gmt":"2017-12-21T11:32:43","guid":{"rendered":"http:\/\/catolicanet.net\/wp-cnet\/?p=37875"},"modified":"2018-02-02T11:05:24","modified_gmt":"2018-02-02T13:05:24","slug":"ele-ja-esta-no-meio-de-nos","status":"publish","type":"post","link":"https:\/\/catolicanet.net\/wp-cnet\/ele-ja-esta-no-meio-de-nos\/","title":{"rendered":"\u201cEle j\u00e1 est\u00e1 no meio de n\u00f3s\u201d"},"content":{"rendered":"<p>Jesus Cristo nasceu em um ambiente simples e pobre, mas de car\u00e1ter eminentemente nobre, porque Deus est\u00e1 a\u00ed, nas fei\u00e7\u00f5es de uma crian\u00e7a. Na manjedoura o viram Nossa Senhora e S\u00e3o Jos\u00e9. Ali o encontraram os pastores de Bel\u00e9m. Somos n\u00f3s, hoje passados mais de 2000 anos, a ir ao seu encontro. N\u00e3o apenas na manjedoura, mas sendo acolhido na manjedoura de nossa alma, em nosso ambiente de trabalho, no rega\u00e7o sacrossanto de nosso lar e na nossa comunidade eclesial.<\/p>\n<p>Celebramos a encarna\u00e7\u00e3o de Jesus, o Verbo que se fez carne para nos salvar. Ele \u00e9 a \u201cPalavra\u201d que se fez pessoa e veio habitar no meio de n\u00f3s, a fim de nos oferecer a vida em plenitude e nos elevar \u00e0 dignidade de \u201cfilhos de Deus\u201d.<\/p>\n<p>A primeira leitura(cf. Is 52,7-10) anuncia a chegada do Deus libertador. Ele \u00e9 o rei que traz a paz e a salva\u00e7\u00e3o, proporcionando ao seu Povo uma era de felicidade sem fim. O profeta convida, pois, a substituir a tristeza pela alegria, o desalento pela esperan\u00e7a. Transparece a leitura a alegria incontida dos mensageiros, que anunciam o regresso \u00e0 Jud\u00e9ia. At\u00e9 mesmo as ru\u00ednas de Jerusal\u00e9m exultam de alegria. A raz\u00e3o dessa alegria jubilar \u00e9 o regresso do Senhor, bem como o fim do ex\u00edlio, da deporta\u00e7\u00e3o. Depois de um longo sil\u00eancio de Deus, o povo eleito ouviu a sua voz. Mesmo provado no ex\u00edlio, o povo n\u00e3o foi rejeitado por Deus. Agora se rejubila do amor de Deus. A alegria de Israel deve ser a nossa alegria, porque Deus veio morar entre n\u00f3s, no mist\u00e9rio da Encarna\u00e7\u00e3o<\/p>\n<p>A segunda leitura(cf. Hb 1,1-6) apresenta, em tra\u00e7os largos, o plano salvador de Deus. Insiste, sobretudo, que esse projeto alcan\u00e7a o seu ponto mais alto com o envio de Jesus, a \u201cPalavra\u201d de Deus que os homens devem escutar e acolher. Deus, ao revelar-se, falou muitas vezes e de muitos modos. Por\u00e9m, nestes dias, que s\u00e3o os \u00faltimos, ele nos falou por meio do Filho. \u00c9 gratuita essa iniciativa da revela\u00e7\u00e3o divina, puro dom em favor da humanidade. Ao ser humano cabe, sim, o acolhimento dispon\u00edvel dessa revela\u00e7\u00e3o, aderindo incondicionalmente ao Filho, que nos foi dado, plenitude de toda a revela\u00e7\u00e3o, porque \u00e9 o \u201cesplendor da gl\u00f3ria do Pai\u201d.,<\/p>\n<p>O Evangelho(cf. Jo 1,1-18) desenvolve o tema esbo\u00e7ado na segunda leitura e apresenta a \u201cPalavra\u201d viva de Deus, tornada pessoa em Jesus. Sugere que a miss\u00e3o do Filho\/\u201dPalavra\u201d \u00e9 completar a cria\u00e7\u00e3o primeira, eliminando tudo aquilo que se op\u00f5e \u00e0 vida e criando condi\u00e7\u00f5es para que nas\u00e7a o Homem Novo, o homem da vida em plenitude, o homem que vive uma rela\u00e7\u00e3o filial com Deus. Jo\u00e3o, no pr\u00f3logo de seu Evangelho, compreende a Encarna\u00e7\u00e3o do Filho em rela\u00e7\u00e3o \u00e0 Trindade: \u201cE a Palavra estava com Deus; e a Palavra era Deus\u201d. O centro do Evangelho \u00e9 claro: \u201cE a Palavra se fez carne e habitou entre n\u00f3s\u201d. Por isso Jesus tem autoridade para falar de Deus os homens e as mulheres, com autoridade e poder. Jesus \u00e9 verdadeiramente Deus em nosso meio. Vamos acolh\u00ea-lo em nosso meio! A Palavra se fez carne. Deus n\u00e3o quer ficar longe de n\u00f3s. Por isso a sua Palavra chegou mais perto ainda e se fez presente no meio de n\u00f3s na pessoa de Jesus. Literalmente o texto diz: \u201cA Palavra se fez carne e montou sua tenda no meio de n\u00f3s!\u201d. No tempo do \u00caxodo, l\u00e1 no deserto, Deus vivia numa tenda, no meio do povo (Ex 25,8). Agora, a tenda onde Deus mora conosco \u00e9 Jesus, \u201ccheio de gra\u00e7a e de verdade\u201d. Jesus veio revelar quem \u00e9 este nosso Deus que est\u00e1 presente em tudo, desde o come\u00e7o da cria\u00e7\u00e3o.<\/p>\n<p>Mois\u00e9s deu a Lei, Jesus trouxe a Gra\u00e7a e a Verdade (Jo 1,15-17): Estes vers\u00edculos resumem o testemunho de Jo\u00e3o Batista a respeito de Jesus: \u201cAquele que vinha antes de mim passou na minha frente porque existia antes de mim!\u201d (Jo 1,15.30). Jesus nasceu depois de Jo\u00e3o, mas Ele j\u00e1 estava com Deus desde antes da Cria\u00e7\u00e3o. Da plenitude dele todos n\u00f3s recebemos, inclusive o pr\u00f3prio Jo\u00e3o Batista. Mois\u00e9s, dando a Lei, nos manifestou a vontade de Deus. Jesus trouxe a Gra\u00e7a e a Verdade que nos ajudam a entender e a observar a Lei.<\/p>\n<p>\u00c9 como a chuva que lava. Este \u00faltimo vers\u00edculo resume tudo. Ele evoca a profecia de Isa\u00edas segundo a qual a Palavra de Deus \u00e9 como a chuva que vem do c\u00e9u e para l\u00e1 n\u00e3o volta sem ter realizado a sua miss\u00e3o aqui na terra (Is 55,10-11). Assim \u00e9 a caminhada da Palavra de Deus. Ela veio de Deus e desceu entre n\u00f3s na pessoa de Jesus. Atrav\u00e9s da obedi\u00eancia de Jesus ela realizou sua miss\u00e3o aqui na terra. Na hora de morrer, Jesus entregou o Esp\u00edrito e voltou para o Pai. Cumpriu a miss\u00e3o que tinha recebido.<br \/>\nRecordemos que Natal \u00e9 contemplar Deus-crian\u00e7a, que nos busca, j\u00e1 est\u00e1 conosco e \u00e9 presen\u00e7a. \u00c9 Deus feito nossa humanidade e fragilidade.\u00a0 Natal \u00e9 Deus \u2013 crian\u00e7a que desperta e reveste de vida nova as pessoas que d\u2019Ele vivem.<\/p>\n<p>Prostrados diante da crian\u00e7a-Deus, somos irm\u00e3os e irm\u00e3s.<br \/>\nQue sejamos aben\u00e7oados em todos os dias do Ano 2018.<\/p>\n<p>Com meu abra\u00e7o fraterno,<\/p>\n","protected":false},"excerpt":{"rendered":"<p>Jesus Cristo nasceu em um ambiente simples e pobre, mas de car\u00e1ter eminentemente nobre, porque Deus est\u00e1 a\u00ed, nas fei\u00e7\u00f5es de uma crian\u00e7a. Na manjedoura o viram Nossa Senhora e S\u00e3o Jos\u00e9. Ali o encontraram os pastores de Bel\u00e9m. Somos n\u00f3s, hoje passados mais de 2000 anos, a ir ao seu encontro. N\u00e3o apenas na [&hellip;]<\/p>\n","protected":false},"author":10,"featured_media":32785,"comment_status":"open","ping_status":"closed","sticky":false,"template":"","format":"standard","meta":{"footnotes":""},"categories":[9],"tags":[],"class_list":["post-37875","post","type-post","status-publish","format-standard","has-post-thumbnail","hentry","category-artigos"],"_links":{"self":[{"href":"https:\/\/catolicanet.net\/wp-cnet\/wp-json\/wp\/v2\/posts\/37875","targetHints":{"allow":["GET"]}}],"collection":[{"href":"https:\/\/catolicanet.net\/wp-cnet\/wp-json\/wp\/v2\/posts"}],"about":[{"href":"https:\/\/catolicanet.net\/wp-cnet\/wp-json\/wp\/v2\/types\/post"}],"author":[{"embeddable":true,"href":"https:\/\/catolicanet.net\/wp-cnet\/wp-json\/wp\/v2\/users\/10"}],"replies":[{"embeddable":true,"href":"https:\/\/catolicanet.net\/wp-cnet\/wp-json\/wp\/v2\/comments?post=37875"}],"version-history":[{"count":1,"href":"https:\/\/catolicanet.net\/wp-cnet\/wp-json\/wp\/v2\/posts\/37875\/revisions"}],"predecessor-version":[{"id":37876,"href":"https:\/\/catolicanet.net\/wp-cnet\/wp-json\/wp\/v2\/posts\/37875\/revisions\/37876"}],"wp:featuredmedia":[{"embeddable":true,"href":"https:\/\/catolicanet.net\/wp-cnet\/wp-json\/wp\/v2\/media\/32785"}],"wp:attachment":[{"href":"https:\/\/catolicanet.net\/wp-cnet\/wp-json\/wp\/v2\/media?parent=37875"}],"wp:term":[{"taxonomy":"category","embeddable":true,"href":"https:\/\/catolicanet.net\/wp-cnet\/wp-json\/wp\/v2\/categories?post=37875"},{"taxonomy":"post_tag","embeddable":true,"href":"https:\/\/catolicanet.net\/wp-cnet\/wp-json\/wp\/v2\/tags?post=37875"}],"curies":[{"name":"wp","href":"https:\/\/api.w.org\/{rel}","templated":true}]}}