{"id":37865,"date":"2017-12-16T00:00:33","date_gmt":"2017-12-16T02:00:33","guid":{"rendered":"http:\/\/catolicanet.net\/wp-cnet\/?p=37865"},"modified":"2018-02-02T10:11:42","modified_gmt":"2018-02-02T12:11:42","slug":"preparai-os-caminhos-2","status":"publish","type":"post","link":"https:\/\/catolicanet.net\/wp-cnet\/preparai-os-caminhos-2\/","title":{"rendered":"Preparai os caminhos"},"content":{"rendered":"<p>Uma das pr\u00e1ticas do Advento \u00e9 a celebra\u00e7\u00e3o Penitencial. Precisamos nos preparar abaixando as colinas, enchendo os vales e endireitando os caminhos de nossas vidas. Para isso, al\u00e9m de tantas outras pr\u00e1ticas do Advento, organizam-se mutir\u00f5es de confiss\u00f5es quando v\u00e1rios sacerdotes de uma mesma regi\u00e3o atendem os penitentes que assim se preparam para o Natal.<br \/>\nJesus, que \u00e9 Deus bendito, tem o poder perdoar os pecados: \u201cO Filho do homem tem o poder de perdoar os pecados sobre a terra\u201d (Mc 2,10). Este poder, ele concedeu a Igreja, para que o exer\u00e7a em seu nome: \u201cTudo isso vem de Deus, que nos reconciliou consigo por Cristo e nos confiou o minist\u00e9rio da reconcilia\u00e7\u00e3o\u201d (2Cor 5,18); \u201cO que desligares na terra ser\u00e1 ligado no c\u00e9u, e o que desligares na terra ser\u00e1 desligado nos c\u00e9us\u201d (Mt 16,19); \u201cEm verdade vos digo: tudo quanto ligardes na terra ser\u00e1 ligado no c\u00e9u e tudo quanto desligardes na terra ser\u00e1 desligado no c\u00e9u\u201d (Mt 18,18). As passagens s\u00e3o claras: o Cristo, \u00fanico que pode perdoar os pecados, deu \u00e0 sua Igreja o poder de perdoar os pecados em seu nome! Ligar e desligar significa, na linguagem rab\u00ednica do tempo de Jesus, excluir da comunh\u00e3o com Deus e com a comunidade (= ligar) e acolher novamente na comunh\u00e3o com Deus e a Igreja (= desligar). Vale \u00e0 pena, ainda, citar Jo 20,22s: \u201cRecebei o Esp\u00edrito Santo. Aqueles a quem perdoardes os pecados, ser-lhes-\u00e3o perdoados; aqueles aos quais retiverdes, ser-lhes-\u00e3o retidos\u201d.<br \/>\nNo caso do Sacramento da Penit\u00eancia (Confiss\u00e3o), \u00e9 importante recordar: \u201cE eu te digo: Tu \u00e9s Pedro e sobre esta pedra construirei a minha Igreja e as portas do inferno nunca levar\u00e3o vantagem sobre ela. Eu te darei as chaves do reino dos c\u00e9us, e tudo que ligares na terra ser\u00e1 ligado nos c\u00e9us, e tudo que desligares na terra ser\u00e1 desligado nos c\u00e9us\u201d (Mt 16,18s); \u201cAp\u00f3s essas palavras, soprou sobre eles e disse: \u2018Recebei o Esp\u00edrito Santo. A quem perdoardes os pecados ser\u00e3o perdoados. A quem n\u00e3o perdoardes os pecados n\u00e3o ser\u00e3o perdoados\u201d (Jo 20,22s). Assim, Cristo fez dos Ap\u00f3stolos (e de seus sucessores) participantes do seu pr\u00f3prio poder de perdoar os pecados, reconciliando os pecadores com Ele mesmo e com a sua Igreja!<br \/>\nSomos chamados \u00e0 convers\u00e3o, a uma cont\u00ednua mudan\u00e7a de vida pela penit\u00eancia. A penit\u00eancia s\u00e3o as atitudes e gestos que revelam a mudan\u00e7a interior, a convers\u00e3o do cora\u00e7\u00e3o. O catecismo da Igreja explica que \u201ca convers\u00e3o interior impele \u00e0 express\u00e3o exterior com gestos e sinais vis\u00edveis, gestos e sinais de penit\u00eancia\u201d (n. 1430). E o Catecismo completa, de modo muito preciso: \u201c A penit\u00eancia interior \u00e9 uma radical reorienta\u00e7\u00e3o de toda a vida, um retorno, uma convers\u00e3o a Deus com todo o cora\u00e7\u00e3o, uma ruptura com o pecado, uma avers\u00e3o ao mal, juntamente com a reprova\u00e7\u00e3o das m\u00e1s a\u00e7\u00f5es que cometemos\u201d (n. 1421).<br \/>\nSabemos que o Tempo do Advento, \u00e9 tempo de prepara\u00e7\u00e3o para o encontro com Cristo que vem, veio e vir\u00e1, em especial para o Natal do Senhor. Quantas pessoas neste per\u00edodo come\u00e7am em suas casas fazer uma reforma, pintura e faxina. Assim, tamb\u00e9m espiritualmente falando, somos convidados neste tempo do Advento a atrav\u00e9s do Sacramento da Penit\u00eancia a nos aproximar da reconcilia\u00e7\u00e3o com Deus e com o nosso pr\u00f3ximo. Confessar-se neste per\u00edodo \u00e9 uma pr\u00e1tica importante, pois, \u00e9 necess\u00e1rio limpar o nosso cora\u00e7\u00e3o dos pecados e m\u00e1goas. \u00c9 um momento de olharmos para dentro da casa do nosso cora\u00e7\u00e3o e fazer a faxina geral. O Tempo do Advento \u00e9 tempo de parar e refletir: o que fiz este ano? O que posso melhorar para o pr\u00f3ximo ano? E sem d\u00favida, \u00e9 momento de agradecer a Deus.<br \/>\nAdvento, tempo de Convers\u00e3o como clamou Jo\u00e3o Batista ao anunciar o Messias que estava entre eles. N\u00e3o existe possibilidade de esperan\u00e7a e de alegria sem retornar ao Senhor de todo cora\u00e7\u00e3o, na expectativa da sua volta. O crist\u00e3o, convertido a Deus, \u00e9 filho da luz e, por isso, permanecer\u00e1 acordado e resistir\u00e1 \u00e0s trevas, s\u00edmbolo do mal, pois do contr\u00e1rio corre o risco de ser surpreendido pela parusia.<br \/>\nEsse comportamento de vigilante espera na alegria e na esperan\u00e7a exige sobriedade, isto \u00e9, ren\u00fancia aos excessos e a tudo aquilo que possa desviar-nos da espera do Senhor. A prega\u00e7\u00e3o do Batista, que ressoa no texto do evangelho do segundo domingo do Advento, \u00e9 apelo para a convers\u00e3o, a fim de preparar os caminhos do Senhor. O esp\u00edrito de convers\u00e3o, pr\u00f3prio do Advento, possui tonalidades diferentes daquelas relembradas na Quaresma. A subst\u00e2ncia \u00e9 essencialmente a mesma, mas, enquanto a Quaresma \u00e9 marcada pela austeridade da repara\u00e7\u00e3o do pecado, o Advento \u00e9 marcado pela alegria da vinda do Senhor.<\/p>\n","protected":false},"excerpt":{"rendered":"<p>Uma das pr\u00e1ticas do Advento \u00e9 a celebra\u00e7\u00e3o Penitencial. Precisamos nos preparar abaixando as colinas, enchendo os vales e endireitando os caminhos de nossas vidas. Para isso, al\u00e9m de tantas outras pr\u00e1ticas do Advento, organizam-se mutir\u00f5es de confiss\u00f5es quando v\u00e1rios sacerdotes de uma mesma regi\u00e3o atendem os penitentes que assim se preparam para o Natal. [&hellip;]<\/p>\n","protected":false},"author":5,"featured_media":32777,"comment_status":"open","ping_status":"closed","sticky":false,"template":"","format":"standard","meta":{"footnotes":""},"categories":[9],"tags":[],"class_list":["post-37865","post","type-post","status-publish","format-standard","has-post-thumbnail","hentry","category-artigos"],"_links":{"self":[{"href":"https:\/\/catolicanet.net\/wp-cnet\/wp-json\/wp\/v2\/posts\/37865","targetHints":{"allow":["GET"]}}],"collection":[{"href":"https:\/\/catolicanet.net\/wp-cnet\/wp-json\/wp\/v2\/posts"}],"about":[{"href":"https:\/\/catolicanet.net\/wp-cnet\/wp-json\/wp\/v2\/types\/post"}],"author":[{"embeddable":true,"href":"https:\/\/catolicanet.net\/wp-cnet\/wp-json\/wp\/v2\/users\/5"}],"replies":[{"embeddable":true,"href":"https:\/\/catolicanet.net\/wp-cnet\/wp-json\/wp\/v2\/comments?post=37865"}],"version-history":[{"count":1,"href":"https:\/\/catolicanet.net\/wp-cnet\/wp-json\/wp\/v2\/posts\/37865\/revisions"}],"predecessor-version":[{"id":37866,"href":"https:\/\/catolicanet.net\/wp-cnet\/wp-json\/wp\/v2\/posts\/37865\/revisions\/37866"}],"wp:featuredmedia":[{"embeddable":true,"href":"https:\/\/catolicanet.net\/wp-cnet\/wp-json\/wp\/v2\/media\/32777"}],"wp:attachment":[{"href":"https:\/\/catolicanet.net\/wp-cnet\/wp-json\/wp\/v2\/media?parent=37865"}],"wp:term":[{"taxonomy":"category","embeddable":true,"href":"https:\/\/catolicanet.net\/wp-cnet\/wp-json\/wp\/v2\/categories?post=37865"},{"taxonomy":"post_tag","embeddable":true,"href":"https:\/\/catolicanet.net\/wp-cnet\/wp-json\/wp\/v2\/tags?post=37865"}],"curies":[{"name":"wp","href":"https:\/\/api.w.org\/{rel}","templated":true}]}}