{"id":37835,"date":"2018-01-23T08:56:35","date_gmt":"2018-01-23T10:56:35","guid":{"rendered":"http:\/\/catolicanet.net\/wp-cnet\/?p=37835"},"modified":"2018-02-02T09:00:25","modified_gmt":"2018-02-02T11:00:25","slug":"um-ceu-de-misericordia","status":"publish","type":"post","link":"https:\/\/catolicanet.net\/wp-cnet\/um-ceu-de-misericordia\/","title":{"rendered":"Um CEU de miseric\u00f3rdia"},"content":{"rendered":"<p>Heereman, presidente internacional da ACN, e Dom Jos\u00e9 Ant\u00f4nio Aparecido, arcebispo de Fortaleza, inauguram obra papal no CEU Heereman, presidente internacional da ACN, e Dom Jos\u00e9 Ant\u00f4nio Aparecido, arcebispo de Fortaleza, inauguram obra papal no CEU<\/p>\n<p>No domingo, dia 21 de janeiro mais uma obra papal com o apoio da ACN foi inaugurada no Brasil, no CEU (Condom\u00ednio Espiritual Uirapuru).<\/p>\n<p>O presidente da ACN Internacional, Johannes Heereman estava presente e destacou que \u00e9 uma alegria ajudar uma obra como essa pois &#8220;aqui podemos ver o que deve ser o futuro da nossa Igreja&#8221;. Em Uirapupu, Arquidiocese de Fortaleza, o CEU \u00e9 formado por 26 comunidades cat\u00f3licas que vivem uma ao lado da outra, vivendo uma experi\u00eancia \u00fanica no mundo.<\/p>\n<p>Por meio do CEU, muitos passam a sentir a alegria de descobrir Deus em suas vidas. Desde jovens atra\u00eddos pelo jeito de viver o Evangelho das novas comunidades como Shalom e Obra de Maria. Das meninas que se recuperam de abusos no Lar Santa M\u00f4nica, dos portadoras do v\u00edrus HIV\/AIDS que encontram uma esperan\u00e7a nova na Casa do Sol Nascente ou das jovens que se recuperam das drogas na Fazenda da Esperan\u00e7a. Um dos \u00faltimos pedidos de Jesus foi que &#8220;todos sejam um&#8221;(Jo 17, 21). No CEU &#8220;o amor entre n\u00f3s atrai a presen\u00e7a de Jesus e daqui essa presen\u00e7a irradia para outros&#8221;, conclui a Irm\u00e3 Bernadete, presidente do Conselho do CEU.<\/p>\n<p><img loading=\"lazy\" decoding=\"async\" class=\"alignright\" src=\"http:\/\/www.acn.org.br\/images\/stories\/miscelanea\/__igreja-uirapuruu.jpg\" width=\"350\" height=\"140\" border=\"0\" \/>Dia 21 de janeiro foi tamb\u00e9m sagrada a igreja do Condom\u00ednio Espiritual de Uirapuru (CEU)<\/p>\n<p>O CEU faz parte das obras papais de miseric\u00f3rdia apoiadas pela ACN como legado do Ano da Miseric\u00f3rdia \u00e0 pedido do Papa Francisco. Desde 2016, quando o sumo pont\u00edfice declarou o ano apost\u00f3lico, a ACN tem se empenhado em tornar concreta diversas obras que manifestam essa face do Cristo Misericordioso atrav\u00e9s do amor ao pr\u00f3ximo. Gra\u00e7as a doa\u00e7\u00e3o de nossos benfeitores, muitas obras de miseric\u00f3rdia como o CEU j\u00e1 s\u00e3o concretas e manifestam no mundo um sinal vis\u00edvel da bondade de Deus.<\/p>\n<p>&nbsp;<\/p>\n<p>Fonte: ACN<\/p>\n","protected":false},"excerpt":{"rendered":"<p>Heereman, presidente internacional da ACN, e Dom Jos\u00e9 Ant\u00f4nio Aparecido, arcebispo de Fortaleza, inauguram obra papal no CEU Heereman, presidente internacional da ACN, e Dom Jos\u00e9 Ant\u00f4nio Aparecido, arcebispo de Fortaleza, inauguram obra papal no CEU No domingo, dia 21 de janeiro mais uma obra papal com o apoio da ACN foi inaugurada no Brasil, [&hellip;]<\/p>\n","protected":false},"author":1,"featured_media":37836,"comment_status":"open","ping_status":"closed","sticky":false,"template":"","format":"standard","meta":{"footnotes":""},"categories":[4,13],"tags":[],"class_list":["post-37835","post","type-post","status-publish","format-standard","has-post-thumbnail","hentry","category-cotidiano","category-featured"],"_links":{"self":[{"href":"https:\/\/catolicanet.net\/wp-cnet\/wp-json\/wp\/v2\/posts\/37835","targetHints":{"allow":["GET"]}}],"collection":[{"href":"https:\/\/catolicanet.net\/wp-cnet\/wp-json\/wp\/v2\/posts"}],"about":[{"href":"https:\/\/catolicanet.net\/wp-cnet\/wp-json\/wp\/v2\/types\/post"}],"author":[{"embeddable":true,"href":"https:\/\/catolicanet.net\/wp-cnet\/wp-json\/wp\/v2\/users\/1"}],"replies":[{"embeddable":true,"href":"https:\/\/catolicanet.net\/wp-cnet\/wp-json\/wp\/v2\/comments?post=37835"}],"version-history":[{"count":1,"href":"https:\/\/catolicanet.net\/wp-cnet\/wp-json\/wp\/v2\/posts\/37835\/revisions"}],"predecessor-version":[{"id":37837,"href":"https:\/\/catolicanet.net\/wp-cnet\/wp-json\/wp\/v2\/posts\/37835\/revisions\/37837"}],"wp:featuredmedia":[{"embeddable":true,"href":"https:\/\/catolicanet.net\/wp-cnet\/wp-json\/wp\/v2\/media\/37836"}],"wp:attachment":[{"href":"https:\/\/catolicanet.net\/wp-cnet\/wp-json\/wp\/v2\/media?parent=37835"}],"wp:term":[{"taxonomy":"category","embeddable":true,"href":"https:\/\/catolicanet.net\/wp-cnet\/wp-json\/wp\/v2\/categories?post=37835"},{"taxonomy":"post_tag","embeddable":true,"href":"https:\/\/catolicanet.net\/wp-cnet\/wp-json\/wp\/v2\/tags?post=37835"}],"curies":[{"name":"wp","href":"https:\/\/api.w.org\/{rel}","templated":true}]}}