{"id":3783,"date":"2013-12-20T11:59:52","date_gmt":"2013-12-20T13:59:52","guid":{"rendered":"http:\/\/catolicanet.net\/wp-cnet\/papa-visitara-qchiesa-del-gesuq-historica-igreja-da-companhia-de-jesus\/"},"modified":"2017-03-24T15:20:32","modified_gmt":"2017-03-24T18:20:32","slug":"papa-visitara-qchiesa-del-gesuq-historica-igreja-da-companhia-de-jesus","status":"publish","type":"post","link":"https:\/\/catolicanet.net\/wp-cnet\/papa-visitara-qchiesa-del-gesuq-historica-igreja-da-companhia-de-jesus\/","title":{"rendered":"Papa visitar\u00e1 &#8220;Chiesa del Ges\u00f9&#8221;, hist\u00f3rica igreja da Companhia de Jesus"},"content":{"rendered":"<p style=\"text-align: justify;\"><img decoding=\"async\" src=\"http:\/\/www.catolicanet.com.br\/images\/stories\/chiesadelgesu.jpg\" border=\"0\" align=\"left\" \/>O Papa Francisco visitar\u00e1 em 3 de janeiro pr\u00f3ximo, no centro de Roma, a &#8220;Chiesa del Ges\u00f9&#8221; (Igreja de Jesus) \u2013 templo s\u00edmbolo da Companhia de Jesus. Particularmente significativa para a hist\u00f3ria da Ordem, nele se encontram o corpo de seu fundador, Santo In\u00e1cio de Loyola, e um bra\u00e7o de S\u00e3o Francisco Xavier, excelso mission\u00e1rio jesu\u00edta, evangelizador no Continente asi\u00e1tico.<\/p>\n<p>Em 3 de janeiro a Igreja celebra em seu calend\u00e1rio lit\u00fargico o &#8220;Sant\u00edssimo Nome de Jesus&#8221;. Trata-se de uma celebra\u00e7\u00e3o import\u00e2ncia para os jesu\u00edtas, vez que ao &#8220;Sant\u00edssimo Nome de Jesus&#8221; est\u00e1 ligado o nome da Companhia.<\/p>\n<p>Bergoglio, primeiro Papa jesu\u00edta na hist\u00f3ria da Igreja, visitar\u00e1 a &#8220;Chiesa del Ges\u00f9&#8221; pela segunda-fez desde sua elei\u00e7\u00e3o \u00e0 C\u00e1tedra de Pedro. A primeira teve lugar em 31 de julho passado, data em que a Igreja celebra Santo In\u00e1cio de Loyola.<\/p>\n<p style=\"text-align: justify;\">\u00a0<\/p>\n<p style=\"text-align: justify;\"><strong>Local: Cidade do Vaticano<br \/>Fonte: R\u00e1dio Vaticano<\/strong><\/p>\n","protected":false},"excerpt":{"rendered":"<p>O Papa Francisco visitar\u00e1 em 3 de janeiro pr\u00f3ximo, no centro de Roma, a &#8220;Chiesa del Ges\u00f9&#8221; (Igreja de Jesus) \u2013 templo s\u00edmbolo da Companhia de Jesus. Particularmente significativa para a hist\u00f3ria da Ordem, nele se encontram o corpo de seu fundador, Santo In\u00e1cio de Loyola, e um bra\u00e7o de S\u00e3o Francisco Xavier, excelso mission\u00e1rio [&hellip;]<\/p>\n","protected":false},"author":1,"featured_media":3782,"comment_status":"closed","ping_status":"closed","sticky":false,"template":"","format":"standard","meta":{"footnotes":""},"categories":[3],"tags":[],"class_list":["post-3783","post","type-post","status-publish","format-standard","has-post-thumbnail","hentry","category-vaticano"],"_links":{"self":[{"href":"https:\/\/catolicanet.net\/wp-cnet\/wp-json\/wp\/v2\/posts\/3783","targetHints":{"allow":["GET"]}}],"collection":[{"href":"https:\/\/catolicanet.net\/wp-cnet\/wp-json\/wp\/v2\/posts"}],"about":[{"href":"https:\/\/catolicanet.net\/wp-cnet\/wp-json\/wp\/v2\/types\/post"}],"author":[{"embeddable":true,"href":"https:\/\/catolicanet.net\/wp-cnet\/wp-json\/wp\/v2\/users\/1"}],"replies":[{"embeddable":true,"href":"https:\/\/catolicanet.net\/wp-cnet\/wp-json\/wp\/v2\/comments?post=3783"}],"version-history":[{"count":1,"href":"https:\/\/catolicanet.net\/wp-cnet\/wp-json\/wp\/v2\/posts\/3783\/revisions"}],"predecessor-version":[{"id":8066,"href":"https:\/\/catolicanet.net\/wp-cnet\/wp-json\/wp\/v2\/posts\/3783\/revisions\/8066"}],"wp:featuredmedia":[{"embeddable":true,"href":"https:\/\/catolicanet.net\/wp-cnet\/wp-json\/wp\/v2\/media\/3782"}],"wp:attachment":[{"href":"https:\/\/catolicanet.net\/wp-cnet\/wp-json\/wp\/v2\/media?parent=3783"}],"wp:term":[{"taxonomy":"category","embeddable":true,"href":"https:\/\/catolicanet.net\/wp-cnet\/wp-json\/wp\/v2\/categories?post=3783"},{"taxonomy":"post_tag","embeddable":true,"href":"https:\/\/catolicanet.net\/wp-cnet\/wp-json\/wp\/v2\/tags?post=3783"}],"curies":[{"name":"wp","href":"https:\/\/api.w.org\/{rel}","templated":true}]}}