{"id":37826,"date":"2018-01-15T00:00:37","date_gmt":"2018-01-15T02:00:37","guid":{"rendered":"http:\/\/catolicanet.net\/wp-cnet\/?p=37826"},"modified":"2018-02-01T16:42:57","modified_gmt":"2018-02-01T18:42:57","slug":"rdc-o-mundo-sabe-o-que-esta-acontecendo-mas-se-cala","status":"publish","type":"post","link":"https:\/\/catolicanet.net\/wp-cnet\/rdc-o-mundo-sabe-o-que-esta-acontecendo-mas-se-cala\/","title":{"rendered":"RDC: &#8220;O mundo sabe o que est\u00e1 acontecendo, mas se cala&#8221;"},"content":{"rendered":"<p>Padre Nkongolo ferido p\u00f3s repress\u00e3o policial da marcha pac\u00edfica de 31 de dezembro na Rep\u00fablica Democr\u00e1tica do Congo contra o inconstitucional terceiro mandato do atual presidente do pa\u00eds. Padre Nkongolo ferido p\u00f3s repress\u00e3o policial da marcha pac\u00edfica de 31 de dezembro na Rep\u00fablica Democr\u00e1tica do Congo contra o inconstitucional terceiro mandato do atual presidente do pa\u00eds.<\/p>\n<p>No dia 31 de dezembro de 2017, uma manifesta\u00e7\u00e3o organizada em protesto \u00e0 lideran\u00e7a cont\u00ednua de Joseph Kabila como presidente do pa\u00eds foi violentamente reprimida. O resultado foram 12 mortos e 120 pris\u00f5es. A Rep\u00fablica Democr\u00e1tica do Congo, de fato, passa por uma grande crise desde dezembro de 2016. Abaixo, uma entrevista com o Padre Apollinaire Cibaka Cikongo, professor no Semin\u00e1rio de Cristo Rei em Malole, Kananga, na prov\u00edncia de Kasai Central, no sul do pa\u00eds, sobre a situa\u00e7\u00e3o no pa\u00eds.<br \/>\nACN: O que realmente aconteceu na v\u00e9spera de Ano Novo?<\/p>\n<p>O ex\u00e9rcito e a pol\u00edcia dispararam em paroquianos durante a Santa Missa, quando estavam prestes a participarem de uma marcha pac\u00edfica organizada pelo Comit\u00ea de Coordena\u00e7\u00e3o de Leigos, liderado por alguns dos professores universit\u00e1rios cat\u00f3licos. Todos esses crist\u00e3os pediam a implementa\u00e7\u00e3o do acordo de Ano Novo conclu\u00eddo em dezembro de 2016, um ano antes, o qual, em particular, previa que o Presidente da Rep\u00fablica n\u00e3o assumiria um terceiro mandato (em concord\u00e2ncia com os termos da Constitui\u00e7\u00e3o).<\/p>\n<p>Repress\u00e3o pocial em RDC 31 de dezembro de 2017<br \/>\n<img loading=\"lazy\" decoding=\"async\" class=\"alignright\" src=\"http:\/\/www.acn.org.br\/images\/stories\/miscelanea\/__rdc-manifestacao-31-dezembro-2017.jpg\" width=\"180\" height=\"180\" border=\"0\" \/>Pol\u00edcia atira em fi\u00e9is que partcipariam de marcha pac\u00edfica contra o governo<br \/>\nA oposi\u00e7\u00e3o ao governo \u00e9 poss\u00edvel sem derramamento de sangue?<\/p>\n<p>A oposi\u00e7\u00e3o das m\u00eddias \u00e9 inexistente, e a oposi\u00e7\u00e3o pol\u00edtica est\u00e1 irremediavelmente fragmentada devido \u00e0 multiplica\u00e7\u00e3o de partidos pol\u00edticos &#8211; quase 600 deles! O que leva a uma verdadeira cacofonia.<br \/>\nEnt\u00e3o, a Igreja \u00e9 a \u00fanica for\u00e7a de oposi\u00e7\u00e3o?<\/p>\n<p>Ela \u00e9 certamente a institui\u00e7\u00e3o com mais credibilidade do pa\u00eds e consequentemente encontra-se na linha de fogo. Mas \u00e9 necess\u00e1rio, porque ningu\u00e9m mais se atreve a protestar.<br \/>\nA manifesta\u00e7\u00e3o de 31 de dezembro causou mudan\u00e7as?<\/p>\n<p>Esse tipo de press\u00e3o interna contra o poder dominante n\u00e3o \u00e9 suficiente. H\u00e1 tamb\u00e9m que haver press\u00f5es externas. Joseph Kabila chegou ao poder gra\u00e7as \u00e0 prote\u00e7\u00e3o de seus padrinhos ocidentais, de grandes poderes como a \u00cdndia, a China, e gra\u00e7as \u00e0s multinacionais, em troca do controle sobre os recursos minerais do pa\u00eds. Enquanto esses patrocinadores n\u00e3o fizerem nada, n\u00e3o haver\u00e1 sa\u00edda para a crise.<br \/>\nEnt\u00e3o, a comunidade internacional esqueceu seu pa\u00eds?<\/p>\n<p>O mundo sabe o que est\u00e1 acontecendo aqui, mas desde que nossos sofrimentos atendem os confortos materiais de outros povos, h\u00e1 um sil\u00eancio intelectual c\u00famplice.<\/p>\n<p>A Funda\u00e7\u00e3o Pontif\u00edcia ACN \u2013 Ajuda \u00e0 Igreja que Sofre \u2013 apoia muitos projetos na Rep\u00fablica Democr\u00e1tica do Congo. No ano passado, a funda\u00e7\u00e3o auxiliou 41 semin\u00e1rios no pa\u00eds, ajudando assim um total de 1229 seminaristas. No momento, a ACN est\u00e1 novamente ajudando a reconstruir o Semin\u00e1rio Maior em Malole.<\/p>\n<p>&nbsp;<\/p>\n<p>Fonte: ACN<\/p>\n","protected":false},"excerpt":{"rendered":"<p>Padre Nkongolo ferido p\u00f3s repress\u00e3o policial da marcha pac\u00edfica de 31 de dezembro na Rep\u00fablica Democr\u00e1tica do Congo contra o inconstitucional terceiro mandato do atual presidente do pa\u00eds. Padre Nkongolo ferido p\u00f3s repress\u00e3o policial da marcha pac\u00edfica de 31 de dezembro na Rep\u00fablica Democr\u00e1tica do Congo contra o inconstitucional terceiro mandato do atual presidente do [&hellip;]<\/p>\n","protected":false},"author":1,"featured_media":37827,"comment_status":"open","ping_status":"closed","sticky":false,"template":"","format":"standard","meta":{"footnotes":""},"categories":[4,13],"tags":[],"class_list":["post-37826","post","type-post","status-publish","format-standard","has-post-thumbnail","hentry","category-cotidiano","category-featured"],"_links":{"self":[{"href":"https:\/\/catolicanet.net\/wp-cnet\/wp-json\/wp\/v2\/posts\/37826","targetHints":{"allow":["GET"]}}],"collection":[{"href":"https:\/\/catolicanet.net\/wp-cnet\/wp-json\/wp\/v2\/posts"}],"about":[{"href":"https:\/\/catolicanet.net\/wp-cnet\/wp-json\/wp\/v2\/types\/post"}],"author":[{"embeddable":true,"href":"https:\/\/catolicanet.net\/wp-cnet\/wp-json\/wp\/v2\/users\/1"}],"replies":[{"embeddable":true,"href":"https:\/\/catolicanet.net\/wp-cnet\/wp-json\/wp\/v2\/comments?post=37826"}],"version-history":[{"count":1,"href":"https:\/\/catolicanet.net\/wp-cnet\/wp-json\/wp\/v2\/posts\/37826\/revisions"}],"predecessor-version":[{"id":37828,"href":"https:\/\/catolicanet.net\/wp-cnet\/wp-json\/wp\/v2\/posts\/37826\/revisions\/37828"}],"wp:featuredmedia":[{"embeddable":true,"href":"https:\/\/catolicanet.net\/wp-cnet\/wp-json\/wp\/v2\/media\/37827"}],"wp:attachment":[{"href":"https:\/\/catolicanet.net\/wp-cnet\/wp-json\/wp\/v2\/media?parent=37826"}],"wp:term":[{"taxonomy":"category","embeddable":true,"href":"https:\/\/catolicanet.net\/wp-cnet\/wp-json\/wp\/v2\/categories?post=37826"},{"taxonomy":"post_tag","embeddable":true,"href":"https:\/\/catolicanet.net\/wp-cnet\/wp-json\/wp\/v2\/tags?post=37826"}],"curies":[{"name":"wp","href":"https:\/\/api.w.org\/{rel}","templated":true}]}}