{"id":3776,"date":"2013-12-20T10:47:19","date_gmt":"2013-12-20T12:47:19","guid":{"rendered":"http:\/\/catolicanet.net\/wp-cnet\/seis-anos-sem-o-cardeal-lorscheider\/"},"modified":"2017-03-24T15:22:30","modified_gmt":"2017-03-24T18:22:30","slug":"seis-anos-sem-o-cardeal-lorscheider","status":"publish","type":"post","link":"https:\/\/catolicanet.net\/wp-cnet\/seis-anos-sem-o-cardeal-lorscheider\/","title":{"rendered":"Seis anos sem o Cardeal Lorscheider"},"content":{"rendered":"<p style=\"text-align: justify;\"><img decoding=\"async\" src=\"http:\/\/www.catolicanet.com.br\/images\/stories\/pegeovani1.jpg\" border=\"0\" align=\"left\" \/>\u201c[&#8230;] Para aprofundar e anunciar os mist\u00e9rios da nossa f\u00e9 \u00e9 preciso entrar no sil\u00eancio de Deus\u201d, dizia o grande homem de Deus, na sua do\u00e7ura e ternura em pessoa, o qual h\u00e1 seis anos (23\/12\/2007) partiu para o seio do Pai. Dom Alo\u00edsio Cardeal Lorscheider, que pela gra\u00e7a de Deus, se fez disc\u00edpulo de S\u00e3o Francisco de Assis em toda sua plenitude, na seguinte assertiva sobre o pobrezinho de Assis: \u201cUm homem livre, amarrado a ningu\u00e9m, levando-o a redescobrir a pureza original das criaturas. Indubitavelmente, o C\u00e2ntico das Criaturas expressa esta liberdade interior e exterior conseguida pelo Santo de Assis. S\u00f3 uma vida inteiramente aberta a Deus e ao Irm\u00e3o \u00e9 capaz de dar \u00e0 criatura humana o gozo da liberta\u00e7\u00e3o, que conduz \u00e0 liberdade pura e santa com que Deus nos criou\u201d.<\/p>\n<p>Que a m\u00edstica franciscana t\u00e3o presente na vida de Dom Alo\u00edsio, ao mergulhar no Mist\u00e9rio da Encarna\u00e7\u00e3o, sobretudo, neste tempo forte do Advento, que precede o Natal; tamb\u00e9m na Paix\u00e3o do Senhor, ofertando ao Cear\u00e1 (Arquidiocese de Fortaleza) um rosto de uma Igreja verdadeiramente pascal, na mais profunda liberdade e perfeita alegria, nos proporcione gestos concretos, no sentido de desmanchar a montanha do orgulho e do ego\u00edsmo, amparados pela simbologia do manto da paz, da justi\u00e7a, da ternura e da solidariedade, agora muito presente na Igreja, nas s\u00e1bias palavras do Papa Francisco, no jornal La Stampa (15\/12\/2013): \u201cO Natal \u00e9 esperan\u00e7a e ternura; jamais ter medo da ternura; \u00e9 o encontro de Deus com o seu povo; \u00e9 tamb\u00e9m um mist\u00e9rio de consola\u00e7\u00e3o\u201d. N\u00e3o pode faltar jamais a profecia: \u201cQuando falta \u00e0 profecia na Igreja, toma lugar o clericalismo&#8221;.<\/p>\n<p>Um Deus que amou tanto o mundo, a nos presentear com seu Filho \u00fanico neste Natal (cf. Jo 3,16), deu-nos tamb\u00e9m um amigo, um pastor, um te\u00f3logo e um Cardeal, que sabia compreender a realidade na sua conjuntura e, com suas posi\u00e7\u00f5es bem claras e definidas, nas an\u00e1lises e nas conclus\u00f5es teol\u00f3gicas pastorais, ao passar \u00e0s pessoas de boa vontade, um clima que favorecia e gerava uma confian\u00e7a generalizada. Dom Alo\u00edsio nos faz pensar que o consumismo, o ego\u00edsmo e o individualismo n\u00e3o podem ofuscar o florescimento da alegria e da esperan\u00e7a dos irm\u00e3os e irm\u00e3s, \u00e1vidos a sempre mais redescobrir, numa bela e maravilhosa aventura, que Deus \u00e9 amor.<\/p>\n<p>Foi exatamente a virtude da simplicidade e da humildade que o transformou no Cardeal que mais se destacou em todos os Conclaves e S\u00ednodos, dos quais participou, gerando para o mundo inteiro e, especialmente para a imprensa, uma grande expectativa. Sua palavra corajosa e prof\u00e9tica era acolhida por todos como uma boa not\u00edcia, como uma d\u00e1diva que descia do c\u00e9u! Eis que disse o Senador Pedro Simon a respeito de Dom Alo\u00edsio: \u201c[&#8230;] sua voz, naturalmente doce, alternava-se quando era preciso confrontar os vendilh\u00f5es da justi\u00e7a, quando todos os jardins da democracia corriam o risco de ser alvo de bombas atiradas pelos olhares fixos da repress\u00e3o. Sua voz ecoou pelos corredores das pris\u00f5es [&#8230;]\u201d.<\/p>\n<p>A espiritualidade franciscana foi imprescind\u00edvel em todo seu trabalho e na sua caridade pastoral para com os empobrecidos, chegando a se pronunciar, num artigo publicado em 1982, na Revista Grande Sinal: \u201c\u00c0 medida que passam os anos, S\u00e3o Francisco merece maior aten\u00e7\u00e3o. Em nossos dias, sobretudo, com a redescoberta do lugar social do pobre na Igreja e no mundo, o interesse pelos ideais de S\u00e3o Francisco faz-se mais vivo\u201d [&#8230;].<\/p>\n<p>Em Francisco de Assis Dom Alo\u00edsio Lorscheider descobriu a verdadeira face de Deus, indispens\u00e1vel no tra\u00e7ado de seus passos, a partir dessa realidade misteriosa, quando o afirma numa t\u00f4nica po\u00e9tica, com profunda sabedoria: \u201cSempre fiquei muito impressionado e atra\u00eddo pelo amor quente e apaixonado que S\u00e3o Francisco dedica a Deus. Parece que no beijo do leproso ele entendeu, como Saulo no caminho de Damasco, a doa\u00e7\u00e3o total de Deus a n\u00f3s em seu Filho Jesus Cristo. Custou a Francisco n\u00e3o s\u00f3 descer do cavalo fogoso que no momento montava, mas muito mais do cavalo do orgulho e da vaidade com que ele queria conquistar o t\u00edtulo de grande e nobre\u201d.<\/p>\n<p>Dom Alo\u00edsio, ao se tornar Arcebispo de Fortaleza (1973-1995), dentro do seu ideal franciscano, tinha bem claro as resolu\u00e7\u00f5es do Conc\u00edlio vaticano II, dizendo logo de in\u00edcio: \u201cA comunidade eclesial n\u00e3o \u00e9 feudo do bispo, mas ele \u00e9 o servidor de uma Igreja que se entende a si mesma como sacramento do Reino, isto \u00e9, da presen\u00e7a da verdade e do amor infinito de Deus para com cada criatura humana\u201d.\u00a0 Da\u00ed ele n\u00e3o compreender como algo natural e normal se conviver com a mis\u00e9ria e o acentuado empobrecimento do povo, que tinha como consequ\u00eancia o \u00eaxodo, o flagelo e a morte de muitos irm\u00e3os, levantando sua voz de profeta para dizer que n\u00e3o era vontade de Deus a realidade aqui encontrada e, ao mesmo tempo, usou de todos os meios, com uma enorme vontade de transformar essa mesma realidade, marcando profundamente a hist\u00f3ria da Igreja do Cear\u00e1 e do Brasil. No dizer do Desembargador Fernando Ximenes, \u201cEm pleno regime de exce\u00e7\u00e3o, a sociedade cearense logo sentiu os efeitos dessa guinada. As camadas desfavorecidas ou marginalizadas, os sem-terra, os sem-teto, os presos pol\u00edticos, os presidi\u00e1rios comuns, os trabalhadores em greve &#8211; ganharam aliado de peso\u201d.<\/p>\n<p>Quando ele se tornou bispo em\u00e9rito de Aparecida, veio a seguinte pergunta: O que o senhor vai fazer? Respondeu: \u201cSou um simples frade menor e vou fazer o que o meu provincial mandar, porque a obedi\u00eancia me torna livre\u201d. Jamais podemos esquecer a chama luminosa de um cora\u00e7\u00e3o am\u00e1vel e cheio de bondade, de uma pessoa humana, dotada de grandes virtudes e qualidades, de um \u201cbispo completo\u201d, segundo o grande te\u00f3logo Alberto Antoniazzi e nas palavras do ent\u00e3o Senador Tasso Jereissati, \u201cdo homem mais ilustre da nossa gera\u00e7\u00e3o, no Cear\u00e1, com a sua vida de dedica\u00e7\u00e3o \u00e0 causa dos exclu\u00eddos\u201d, do maior benfeitor e patrim\u00f4nio do povo cearense, que partiu h\u00e1 seis anos, deixando-nos tristes e com enorme saudade.<\/p>\n<p>Concluo nosso artigo, sintonizado com o Sumo Pont\u00edfice, tendo como algo relevante, sua ora\u00e7\u00e3o na Capela Santa Marta, no dia 16\/12\/2013: &#8220;A nossa ora\u00e7\u00e3o nesses dias em que nos preparamos para o Natal do Senhor deve ser: Senhor, que n\u00e3o faltem os profetas em seu povo! Todos n\u00f3s batizados somos profetas. Senhor, que n\u00e3o nos esque\u00e7amos de sua promessa! Que n\u00e3o nos cansemos de ir adiante! Que n\u00e3o nos fechemos nas legalidades que cerram as portas. Senhor, liberta o teu povo do esp\u00edrito do clericalismo e ajude o teu povo com o esp\u00edrito da profecia&#8221;. Assim seja!<\/p>\n","protected":false},"excerpt":{"rendered":"<p>\u201c[&#8230;] Para aprofundar e anunciar os mist\u00e9rios da nossa f\u00e9 \u00e9 preciso entrar no sil\u00eancio de Deus\u201d, dizia o grande homem de Deus, na sua do\u00e7ura e ternura em pessoa, o qual h\u00e1 seis anos (23\/12\/2007) partiu para o seio do Pai. Dom Alo\u00edsio Cardeal Lorscheider, que pela gra\u00e7a de Deus, se fez disc\u00edpulo de [&hellip;]<\/p>\n","protected":false},"author":6,"featured_media":1467,"comment_status":"closed","ping_status":"closed","sticky":false,"template":"","format":"standard","meta":{"footnotes":""},"categories":[9],"tags":[],"class_list":["post-3776","post","type-post","status-publish","format-standard","has-post-thumbnail","hentry","category-artigos"],"_links":{"self":[{"href":"https:\/\/catolicanet.net\/wp-cnet\/wp-json\/wp\/v2\/posts\/3776","targetHints":{"allow":["GET"]}}],"collection":[{"href":"https:\/\/catolicanet.net\/wp-cnet\/wp-json\/wp\/v2\/posts"}],"about":[{"href":"https:\/\/catolicanet.net\/wp-cnet\/wp-json\/wp\/v2\/types\/post"}],"author":[{"embeddable":true,"href":"https:\/\/catolicanet.net\/wp-cnet\/wp-json\/wp\/v2\/users\/6"}],"replies":[{"embeddable":true,"href":"https:\/\/catolicanet.net\/wp-cnet\/wp-json\/wp\/v2\/comments?post=3776"}],"version-history":[{"count":1,"href":"https:\/\/catolicanet.net\/wp-cnet\/wp-json\/wp\/v2\/posts\/3776\/revisions"}],"predecessor-version":[{"id":8070,"href":"https:\/\/catolicanet.net\/wp-cnet\/wp-json\/wp\/v2\/posts\/3776\/revisions\/8070"}],"wp:featuredmedia":[{"embeddable":true,"href":"https:\/\/catolicanet.net\/wp-cnet\/wp-json\/wp\/v2\/media\/1467"}],"wp:attachment":[{"href":"https:\/\/catolicanet.net\/wp-cnet\/wp-json\/wp\/v2\/media?parent=3776"}],"wp:term":[{"taxonomy":"category","embeddable":true,"href":"https:\/\/catolicanet.net\/wp-cnet\/wp-json\/wp\/v2\/categories?post=3776"},{"taxonomy":"post_tag","embeddable":true,"href":"https:\/\/catolicanet.net\/wp-cnet\/wp-json\/wp\/v2\/tags?post=3776"}],"curies":[{"name":"wp","href":"https:\/\/api.w.org\/{rel}","templated":true}]}}