{"id":3774,"date":"2013-12-19T18:33:23","date_gmt":"2013-12-19T20:33:23","guid":{"rendered":"http:\/\/catolicanet.net\/wp-cnet\/papa-envia-telegrama-pelo-falecimento-do-cardeal-carles-gordo\/"},"modified":"2017-03-24T15:25:06","modified_gmt":"2017-03-24T18:25:06","slug":"papa-envia-telegrama-pelo-falecimento-do-cardeal-carles-gordo","status":"publish","type":"post","link":"https:\/\/catolicanet.net\/wp-cnet\/papa-envia-telegrama-pelo-falecimento-do-cardeal-carles-gordo\/","title":{"rendered":"Papa envia telegrama pelo falecimento do cardeal Carles Gord\u00f3"},"content":{"rendered":"<p style=\"text-align: justify;\"><img decoding=\"async\" src=\"http:\/\/www.catolicanet.com.br\/images\/stories\/cardealcarlesgordo.jpg\" border=\"0\" align=\"left\" \/>Faleceu no dia 17 de dezembro, aos 87 anos, o arcebispo em\u00e9rito de Barcelona,\u00a0 cardeal Ricard Maria Carles Gord\u00f3. Segundo o papa Francisco, em telegrama enviado ao arcebispo de Barcelona, cardeal Llu\u00eds Martinez Sistach, o cardeal Gord\u00f3 \u201cexerceu com diligente solicitude apost\u00f3lica o minist\u00e9rio episcopal, inicialmente como bispo de Tortosa e, sucessivamente, na estimada arquidiocese de Barcelona, dedicando-se constantemente \u00e0 miss\u00e3o evangelizadora com sabedoria e generosidade e incansavelmente levando a cabo numerosas iniciativas pastorais, com grande vizinhan\u00e7a aos sacerdotes, \u00e0 vida consagrada e aos seminaristas, aos quais dedicou uma particular aten\u00e7\u00e3o\u201d. O papa recordou o importante servi\u00e7o prestado \u00e0 Igreja e exprimiu seus sentimentos aos familiares e a todos aqueles que o conheciam pessoalmente.<\/p>\n<p>Nascido em Valen\u00e7a em 1926, o cardeal Gord\u00f3 foi ordenado sacerdote em 1951, consagrado bispo em 1969, criado cardeal por Jo\u00e3o Paulo II em 1994. Foi presidente da Confer\u00eancia Episcopal Espanhola de 1999 a 2005.<\/p>\n<p>Aos 87 anos, o cardeal foi hospitalizado ap\u00f3s AVC, em 22 de novembro. As ex\u00e9quias do purpurado se realizar\u00e3o em Barcelona nesta quinta-feira, dia 19.<\/p>\n<p style=\"text-align: justify;\">\u00a0<\/p>\n<p style=\"text-align: justify;\"><strong>Local: Bras\u00edlia (DF)<br \/>Fonte: CNBB<\/strong><\/p>\n","protected":false},"excerpt":{"rendered":"<p>Faleceu no dia 17 de dezembro, aos 87 anos, o arcebispo em\u00e9rito de Barcelona,\u00a0 cardeal Ricard Maria Carles Gord\u00f3. Segundo o papa Francisco, em telegrama enviado ao arcebispo de Barcelona, cardeal Llu\u00eds Martinez Sistach, o cardeal Gord\u00f3 \u201cexerceu com diligente solicitude apost\u00f3lica o minist\u00e9rio episcopal, inicialmente como bispo de Tortosa e, sucessivamente, na estimada arquidiocese [&hellip;]<\/p>\n","protected":false},"author":1,"featured_media":3773,"comment_status":"closed","ping_status":"closed","sticky":false,"template":"","format":"standard","meta":{"footnotes":""},"categories":[7],"tags":[],"class_list":["post-3774","post","type-post","status-publish","format-standard","has-post-thumbnail","hentry","category-cnbb"],"_links":{"self":[{"href":"https:\/\/catolicanet.net\/wp-cnet\/wp-json\/wp\/v2\/posts\/3774","targetHints":{"allow":["GET"]}}],"collection":[{"href":"https:\/\/catolicanet.net\/wp-cnet\/wp-json\/wp\/v2\/posts"}],"about":[{"href":"https:\/\/catolicanet.net\/wp-cnet\/wp-json\/wp\/v2\/types\/post"}],"author":[{"embeddable":true,"href":"https:\/\/catolicanet.net\/wp-cnet\/wp-json\/wp\/v2\/users\/1"}],"replies":[{"embeddable":true,"href":"https:\/\/catolicanet.net\/wp-cnet\/wp-json\/wp\/v2\/comments?post=3774"}],"version-history":[{"count":1,"href":"https:\/\/catolicanet.net\/wp-cnet\/wp-json\/wp\/v2\/posts\/3774\/revisions"}],"predecessor-version":[{"id":8072,"href":"https:\/\/catolicanet.net\/wp-cnet\/wp-json\/wp\/v2\/posts\/3774\/revisions\/8072"}],"wp:featuredmedia":[{"embeddable":true,"href":"https:\/\/catolicanet.net\/wp-cnet\/wp-json\/wp\/v2\/media\/3773"}],"wp:attachment":[{"href":"https:\/\/catolicanet.net\/wp-cnet\/wp-json\/wp\/v2\/media?parent=3774"}],"wp:term":[{"taxonomy":"category","embeddable":true,"href":"https:\/\/catolicanet.net\/wp-cnet\/wp-json\/wp\/v2\/categories?post=3774"},{"taxonomy":"post_tag","embeddable":true,"href":"https:\/\/catolicanet.net\/wp-cnet\/wp-json\/wp\/v2\/tags?post=3774"}],"curies":[{"name":"wp","href":"https:\/\/api.w.org\/{rel}","templated":true}]}}