{"id":3772,"date":"2013-12-19T18:27:26","date_gmt":"2013-12-19T20:27:26","guid":{"rendered":"http:\/\/catolicanet.net\/wp-cnet\/qgoverno-nao-tem-maquina-de-fabricar-dinheiroq-governante-guineense-aos-sindicatos\/"},"modified":"2017-03-24T15:25:32","modified_gmt":"2017-03-24T18:25:32","slug":"qgoverno-nao-tem-maquina-de-fabricar-dinheiroq-governante-guineense-aos-sindicatos","status":"publish","type":"post","link":"https:\/\/catolicanet.net\/wp-cnet\/qgoverno-nao-tem-maquina-de-fabricar-dinheiroq-governante-guineense-aos-sindicatos\/","title":{"rendered":"&#8220;Governo n\u00e3o tem m\u00e1quina de fabricar dinheiro&#8221; &#8211; governante guineense aos sindicatos"},"content":{"rendered":"<p style=\"text-align: justify;\"><img decoding=\"async\" src=\"http:\/\/www.catolicanet.com.br\/images\/stories\/onibusepessoas.jpg\" border=\"0\" align=\"left\" \/>&#8220;O governo n\u00e3o tem m\u00e1quina de fabricar dinheiro&#8221; &#8211; esta foi a resposta de um governante guineense aos sindicatos na ronda negocial de ter\u00e7a-feira com vista ao levantamento da greve.<br \/>A afirma\u00e7\u00e3o do membro do governo suscitou rea\u00e7\u00f5es e os sindicatos acabaram por abandonar a mesa de negocia\u00e7\u00e3o.<br \/>Segundo Filomeno Cabral &#8220;houve desentendimento entre as equipas de negocia\u00e7\u00e3o do Governo e dos sindicatos.<br \/>As exig\u00eancias dos sindicatos continuam a ser o pagamento de dois meses de sal\u00e1rios. Isso levou um governante a afirmar que o governo n\u00e3o tem m\u00e1quina de fabricar dinheiro&#8221;. A nossa equipa &#8220;n\u00e3o gostou e acabou por abandonar a mesa de negocia\u00e7\u00f5es&#8221; &#8211; acrescentou o sindicalista, Filomeno Cabral.<br \/>O Secret\u00e1rio-Geral da Confedera\u00e7\u00e3o dos Sindicatos garantiu que &#8220;se o Governo n\u00e3o mudar estrat\u00e9gia, posi\u00e7\u00e3o e linguagem, a greve vai at\u00e9 na sexta-feira e os sindicatos v\u00e3o entregar um novo pr\u00e9-aviso de greve que dever\u00e1 come\u00e7ar na pr\u00f3xima semana&#8221;.<br \/>Por raz\u00f5es humanit\u00e1rias, os sindicatos acharam por bem libertar o setor dos transportes para facilitar a circula\u00e7\u00e3o da popula\u00e7\u00e3o dentro e fora da capital.<br \/>Portanto, desde ter\u00e7a-feira \u00e0 noite os transportes voltaram a funcionar em pleno no Pa\u00eds. Mas as institui\u00e7\u00f5es do estado continuam encerradas.<\/p>\n<p style=\"text-align: justify;\"><strong><br \/>Indira Correia Bald\u00e9- Bissau <\/strong><\/p>\n<p style=\"text-align: justify;\"><strong>Local: Cidade do vaticano<br \/>Fonte: R\u00e1dio Vaticano<\/strong><\/p>\n","protected":false},"excerpt":{"rendered":"<p>&#8220;O governo n\u00e3o tem m\u00e1quina de fabricar dinheiro&#8221; &#8211; esta foi a resposta de um governante guineense aos sindicatos na ronda negocial de ter\u00e7a-feira com vista ao levantamento da greve.A afirma\u00e7\u00e3o do membro do governo suscitou rea\u00e7\u00f5es e os sindicatos acabaram por abandonar a mesa de negocia\u00e7\u00e3o.Segundo Filomeno Cabral &#8220;houve desentendimento entre as equipas de [&hellip;]<\/p>\n","protected":false},"author":1,"featured_media":3771,"comment_status":"closed","ping_status":"closed","sticky":false,"template":"","format":"standard","meta":{"footnotes":""},"categories":[3],"tags":[],"class_list":["post-3772","post","type-post","status-publish","format-standard","has-post-thumbnail","hentry","category-vaticano"],"_links":{"self":[{"href":"https:\/\/catolicanet.net\/wp-cnet\/wp-json\/wp\/v2\/posts\/3772","targetHints":{"allow":["GET"]}}],"collection":[{"href":"https:\/\/catolicanet.net\/wp-cnet\/wp-json\/wp\/v2\/posts"}],"about":[{"href":"https:\/\/catolicanet.net\/wp-cnet\/wp-json\/wp\/v2\/types\/post"}],"author":[{"embeddable":true,"href":"https:\/\/catolicanet.net\/wp-cnet\/wp-json\/wp\/v2\/users\/1"}],"replies":[{"embeddable":true,"href":"https:\/\/catolicanet.net\/wp-cnet\/wp-json\/wp\/v2\/comments?post=3772"}],"version-history":[{"count":1,"href":"https:\/\/catolicanet.net\/wp-cnet\/wp-json\/wp\/v2\/posts\/3772\/revisions"}],"predecessor-version":[{"id":8073,"href":"https:\/\/catolicanet.net\/wp-cnet\/wp-json\/wp\/v2\/posts\/3772\/revisions\/8073"}],"wp:featuredmedia":[{"embeddable":true,"href":"https:\/\/catolicanet.net\/wp-cnet\/wp-json\/wp\/v2\/media\/3771"}],"wp:attachment":[{"href":"https:\/\/catolicanet.net\/wp-cnet\/wp-json\/wp\/v2\/media?parent=3772"}],"wp:term":[{"taxonomy":"category","embeddable":true,"href":"https:\/\/catolicanet.net\/wp-cnet\/wp-json\/wp\/v2\/categories?post=3772"},{"taxonomy":"post_tag","embeddable":true,"href":"https:\/\/catolicanet.net\/wp-cnet\/wp-json\/wp\/v2\/tags?post=3772"}],"curies":[{"name":"wp","href":"https:\/\/api.w.org\/{rel}","templated":true}]}}