{"id":37710,"date":"2018-01-30T08:19:36","date_gmt":"2018-01-30T10:19:36","guid":{"rendered":"http:\/\/catolicanet.net\/wp-cnet\/?p=37710"},"modified":"2018-02-01T11:24:23","modified_gmt":"2018-02-01T13:24:23","slug":"medicos-queriam-abortar-andrea-bocelli-por-sua-deficiencia-revela-mae","status":"publish","type":"post","link":"https:\/\/catolicanet.net\/wp-cnet\/medicos-queriam-abortar-andrea-bocelli-por-sua-deficiencia-revela-mae\/","title":{"rendered":"M\u00e9dicos queriam abortar Andrea Bocelli por sua defici\u00eancia, revela m\u00e3e"},"content":{"rendered":"<p>A m\u00e3e do famoso tenor italiano Andrea Bocelli revelou em uma entrevista a um canal de televis\u00e3o que, quando estava gr\u00e1vida, os m\u00e9dicos recomendaram abortar o seu filho porque ele nasceria com uma doen\u00e7a cong\u00eanita, entretanto, ela se recusou.<\/p>\n<p>No programa \u2018Domenica In\u2019, transmitido pelo canal italiano Rai1, Edi Aringhieri, contou: \u201cCheguei ao hospital por causa de fortes problemas no meu ventre\u201d.<\/p>\n<p>\u201cRecordo quando (os m\u00e9dicos) me disseram: Aborta, pois o seu filho ser\u00e1 cego. Disseram que ele nasceria com uma doen\u00e7a cong\u00eanita que o levaria a perder a vis\u00e3o. Eles me aconselharam a abortar, mas n\u00e3o abortei\u201d, manifestou.<\/p>\n<p>Ela expressou que \u201cqueria contar essa hist\u00f3ria para dar for\u00e7a \u00e0s fam\u00edlias que enfrentam situa\u00e7\u00f5es parecidas \u00e0s que eu e a minha fam\u00edlia vivemos\u201d.<\/p>\n<p>&nbsp;<\/p>\n<p><a href=\"https:\/\/www.youtube.com\/watch?v=y5_ogqn1MQ0\">Clique aqui para assistir o v\u00eddeo:<\/a><\/p>\n<p>&nbsp;<\/p>\n<p>No programa, tamb\u00e9m apresentaram um v\u00eddeo no qual Andrea conta a hist\u00f3ria de como a sua m\u00e3e foi hospitalizada por \u201cum simples ataque de apendicite\u201d e que \u201cesta jovem mulher corajosa decidiu n\u00e3o abortar, e o menino nasceu (&#8230;) Posso dizer que esta foi a decis\u00e3o correta\u201d.<\/p>\n<p>Depois de ouvir o testemunho do seu filho, Edi Aringhieri disse que, devido a essa hist\u00f3ria, \u201cn\u00e3o podem imaginar como as mulheres norte-americanas me adoram\u201d, e brincou dizendo que \u201cisso me torna muito conhecida\u201d.<\/p>\n<p>Em seguida, ela explicou que \u201cAndrea nasceu com glaucoma\u201d, uma doen\u00e7a que chega a provocar a perda progressiva da vis\u00e3o. Quando era crian\u00e7a, \u201ctodos me diziam que crescia o seu bulbo ocular. Eu lembro que ele n\u00e3o conseguia suportar a luz do sol e tinha muitas dores de cabe\u00e7a\u201d, contou.<\/p>\n<p>A m\u00e3e do tenor comentou que, em um hospital de Turim, o seu filho \u201cconheceu um homem russo que era um grande amante da m\u00fasica sinf\u00f4nica, que escutava todos os dias durante sua recupera\u00e7\u00e3o\u201d.<\/p>\n<p>\u201cFoi quando Andrea percebeu que estava encantado por esse g\u00eanero musical, chegava a esquecer que estava em uma cl\u00ednica. Ele j\u00e1 n\u00e3o lembrava que estava em um tratamento, estava fascinado pela m\u00fasica\u201d, destacou.<\/p>\n<p>Andrea Bocelli perdeu completamente a sua vis\u00e3o aos 12 anos, depois de receber um golpe na cabe\u00e7a durante um jogo de futebol.<\/p>\n<p>Em uma entrevista ao jornal \u2018Il Foglio\u2019, o tenor afirmou: \u201cCom as minhas convic\u00e7\u00f5es pessoais, de cat\u00f3lico fervoroso, n\u00e3o s\u00f3 luto contra algo, luto por algo e sou a favor da vida\u201d.<\/p>\n<p>Sendo um cantor famoso no mundo inteiro, Bocelli tamb\u00e9m realizou concertos em locais e eventos cat\u00f3licos, como no templo expiat\u00f3rio da Sagrada Fam\u00edlia na Espanha, no Santu\u00e1rio Nacional de Aparecida no Brasil, no Vaticano e tamb\u00e9m durante o Encontro Mundial das Fam\u00edlias nos Estados Unidos em 2015.<\/p>\n<p>&nbsp;<\/p>\n<p>Fonte: Acidigital<\/p>\n","protected":false},"excerpt":{"rendered":"<p>A m\u00e3e do famoso tenor italiano Andrea Bocelli revelou em uma entrevista a um canal de televis\u00e3o que, quando estava gr\u00e1vida, os m\u00e9dicos recomendaram abortar o seu filho porque ele nasceria com uma doen\u00e7a cong\u00eanita, entretanto, ela se recusou. No programa \u2018Domenica In\u2019, transmitido pelo canal italiano Rai1, Edi Aringhieri, contou: \u201cCheguei ao hospital por [&hellip;]<\/p>\n","protected":false},"author":1,"featured_media":37711,"comment_status":"open","ping_status":"closed","sticky":false,"template":"","format":"standard","meta":{"footnotes":""},"categories":[4],"tags":[],"class_list":["post-37710","post","type-post","status-publish","format-standard","has-post-thumbnail","hentry","category-cotidiano"],"_links":{"self":[{"href":"https:\/\/catolicanet.net\/wp-cnet\/wp-json\/wp\/v2\/posts\/37710","targetHints":{"allow":["GET"]}}],"collection":[{"href":"https:\/\/catolicanet.net\/wp-cnet\/wp-json\/wp\/v2\/posts"}],"about":[{"href":"https:\/\/catolicanet.net\/wp-cnet\/wp-json\/wp\/v2\/types\/post"}],"author":[{"embeddable":true,"href":"https:\/\/catolicanet.net\/wp-cnet\/wp-json\/wp\/v2\/users\/1"}],"replies":[{"embeddable":true,"href":"https:\/\/catolicanet.net\/wp-cnet\/wp-json\/wp\/v2\/comments?post=37710"}],"version-history":[{"count":1,"href":"https:\/\/catolicanet.net\/wp-cnet\/wp-json\/wp\/v2\/posts\/37710\/revisions"}],"predecessor-version":[{"id":37712,"href":"https:\/\/catolicanet.net\/wp-cnet\/wp-json\/wp\/v2\/posts\/37710\/revisions\/37712"}],"wp:featuredmedia":[{"embeddable":true,"href":"https:\/\/catolicanet.net\/wp-cnet\/wp-json\/wp\/v2\/media\/37711"}],"wp:attachment":[{"href":"https:\/\/catolicanet.net\/wp-cnet\/wp-json\/wp\/v2\/media?parent=37710"}],"wp:term":[{"taxonomy":"category","embeddable":true,"href":"https:\/\/catolicanet.net\/wp-cnet\/wp-json\/wp\/v2\/categories?post=37710"},{"taxonomy":"post_tag","embeddable":true,"href":"https:\/\/catolicanet.net\/wp-cnet\/wp-json\/wp\/v2\/tags?post=37710"}],"curies":[{"name":"wp","href":"https:\/\/api.w.org\/{rel}","templated":true}]}}